{"id":9443,"date":"2025-06-16T17:01:22","date_gmt":"2025-06-16T15:01:22","guid":{"rendered":"https:\/\/parnassius-apollo.life\/usuwanie-krzewow-w-ramach-projektu-ue-life-apollo2020"},"modified":"2025-07-10T17:25:03","modified_gmt":"2025-07-10T15:25:03","slug":"usuwanie-krzewow-w-ramach-projektu-ue-life-apollo2020","status":"publish","type":"post","link":"https:\/\/parnassius-apollo.life\/pl\/usuwanie-krzewow-w-ramach-projektu-ue-life-apollo2020","title":{"rendered":"Usuwanie krzew\u00f3w w Lofer dla Parnassius Apollo"},"content":{"rendered":"\n<h3 class=\"wp-block-heading\" id=\"h-habitat-restoration-on-the-steppe-slope-at-larchberg-lofer\"><strong>Odtworzenie siedlisk na zboczu stepowym w L\u00e4rchberg, Lofer<\/strong><\/h3>\n\n<p>G\u0142\u00f3wne miejsce restytucji, strome, suche zbocze poni\u017cej L\u00e4rchberg w pobli\u017cu Lofer, w ostatnich latach stawa\u0142o si\u0119 coraz bardziej zaro\u015bni\u0119te. G\u0119ste krzewy i m\u0142ode drzewa &#8211; w szczeg\u00f3lno\u015bci \u015bwierk, leszczyna i klon &#8211; rozprzestrzeni\u0142y si\u0119 bez kontroli po zboczu, stopniowo zacieniaj\u0105c skaliste, nas\u0142onecznione warunki niezb\u0119dne do rozmna\u017cania motyla Apollo<em>(Parnassius apollo<\/em>). Co najwa\u017cniejsze, jedyna larwalna ro\u015blina pokarmowa motyla &#8211;<strong>rozchodnik bia\u0142y (Sedum album)<\/strong>&#8211; prawie znikn\u0119\u0142a z tego miejsca z powodu braku \u015bwiat\u0142a i przestrzeni.  <\/p>\n\n<p>Aby odwr\u00f3ci\u0107 ten trend, wiosn\u0105 2025 r. rozpocz\u0119to <strong>skoordynowan\u0105 kampani\u0119 odbudowy siedlisk<\/strong> w ramach projektu EU-LIFE <em>Apollo2020<\/em>. W okresie od <strong>6 marca do 23 kwietnia<\/strong> po\u015bwi\u0119cono \u0142\u0105cznie <strong>15 dni na<\/strong> usuni\u0119cie g\u0119stej ro\u015blinno\u015bci z oko\u0142o <strong>30 hektar\u00f3w<\/strong> ziemi. Ta g\u0142\u00f3wna strefa interwencji jest cz\u0119\u015bci\u0105 wi\u0119kszego <strong>60-hektarowego kompleksu siedlisk<\/strong>, kt\u00f3ry jest domem dla jednej z najbardziej genetycznie odr\u0119bnych i ekologicznie wa\u017cnych populacji motyla Apollo w Austrii, sklasyfikowanej jako endemiczny podgatunek <em>Parnassius apollo loferensis<\/em> (Kolar, 1922).  <\/p>\n\n<p>Renowacja koncentrowa\u0142a si\u0119 na <strong>systematycznym usuwaniu ro\u015blinno\u015bci drzewiastej<\/strong> i rozproszonych drzew, kt\u00f3re coraz bardziej degradowa\u0142y to wyspecjalizowane siedlisko stepu alpejskiego. Do usuwania krzew\u00f3w i sadzonek wykorzystano pi\u0142y \u0142a\u0144cuchowe, wci\u0105garki i ci\u0105gniki. \u015aci\u0119ty materia\u0142 by\u0142 nast\u0119pnie usuwany r\u0119cznie lub rozdrabniany i transportowany poza teren, aby zapobiec odrastaniu. Celem by\u0142o ponowne otwarcie zbocza, co pozwoli\u0142oby na ponowne dotarcie \u015bwiat\u0142a s\u0142onecznego i ciep\u0142a do gleby oraz promowanie odbudowy ro\u015blinno\u015bci suchych \u0142\u0105k &#8211; zw\u0142aszcza wa\u017cnych gatunk\u00f3w <em>rozchodnik\u00f3w<\/em> wymaganych przez larwy Apollo.   <\/p>\n\n<p>Kampania by\u0142a prowadzona przez <strong>Otto Feldnera<\/strong> z European Wilderness Society (EWS) w zakresie koordynacji naukowej. Wspiera\u0142 go <strong>przewodnicz\u0105cy spo\u0142eczno\u015bci rolniczej L\u00e4rchberg-Lofer<\/strong> i <strong>trzech innych lokalnych wolontariuszy<\/strong>. Wysi\u0142ki by\u0142y dodatkowo wspierane przez regionalnych specjalist\u00f3w ds. ochrony przyrody i rz\u0105d Salzburga, kt\u00f3rzy zapewnili doradztwo i pomoc techniczn\u0105 w ca\u0142ym procesie.  <\/p>\n\n<p>Ten proaktywny i dobrze skoordynowany wysi\u0142ek podkre\u015bla warto\u015b\u0107 wczesnej interwencji i silnego partnerstwa mi\u0119dzy lokalnymi interesariuszami, ekspertami naukowymi, wolontariuszami i organizacjami zajmuj\u0105cymi si\u0119 ochron\u0105 przyrody, takimi jak European Wilderness Society. W rezultacie siedlisko <em>Parnassius apollo loferensis<\/em> uleg\u0142o znacznej poprawie, daj\u0105c now\u0105 nadziej\u0119 na przetrwanie tego kultowego gatunku motyla w regionie Lofer. <\/p>\n\n<figure class=\"wp-block-gallery has-nested-images columns-default is-cropped wp-block-gallery-1 is-layout-flex wp-block-gallery-is-layout-flex\">\n<figure class=\"wp-block-image size-large\"><img data-recalc-dims=\"1\" loading=\"lazy\" decoding=\"async\" width=\"800\" height=\"800\" data-id=\"9437\" src=\"https:\/\/i0.wp.com\/parnassius-apollo.life\/wp-content\/uploads\/2025\/06\/20250310_130612-Fetthenne-setzen-2025-rotated.jpg?resize=800%2C800&#038;ssl=1\" alt=\"\" class=\"wp-image-9437\"\/><figcaption class=\"wp-element-caption\">Sadzenie rozchodnik\u00f3w<\/figcaption><\/figure>\n\n\n\n<figure class=\"wp-block-image size-large\"><img data-recalc-dims=\"1\" loading=\"lazy\" decoding=\"async\" width=\"800\" height=\"498\" data-id=\"9401\" src=\"https:\/\/i0.wp.com\/parnassius-apollo.life\/wp-content\/uploads\/2025\/06\/Panobild-Lofer-Juni-2023-vorher.jpg?resize=800%2C498&#038;ssl=1\" alt=\"\" class=\"wp-image-9401\"\/><figcaption class=\"wp-element-caption\">Krzewy wkraczaj\u0105 w centrum miejsc l\u0119gowych Parnassius Apollo<\/figcaption><\/figure>\n\n\n\n<figure class=\"wp-block-image size-large\"><img data-recalc-dims=\"1\" loading=\"lazy\" decoding=\"async\" width=\"800\" height=\"600\" data-id=\"9429\" src=\"https:\/\/i0.wp.com\/parnassius-apollo.life\/wp-content\/uploads\/2025\/06\/DSCF7868-30.5.2021.jpg?resize=800%2C600&#038;ssl=1\" alt=\"\" class=\"wp-image-9429\"\/><figcaption class=\"wp-element-caption\">Krzewy zarastaj\u0105 siedlisko<\/figcaption><\/figure>\n\n\n\n<figure class=\"wp-block-image size-large\"><img data-recalc-dims=\"1\" loading=\"lazy\" decoding=\"async\" width=\"800\" height=\"600\" data-id=\"9433\" src=\"https:\/\/i0.wp.com\/parnassius-apollo.life\/wp-content\/uploads\/2025\/06\/20250415_113532-15.4.2025.jpg?resize=800%2C600&#038;ssl=1\" alt=\"\" class=\"wp-image-9433\"\/><figcaption class=\"wp-element-caption\">Debushed<\/figcaption><\/figure>\n\n\n\n<figure class=\"wp-block-image size-large\"><img data-recalc-dims=\"1\" loading=\"lazy\" decoding=\"async\" width=\"800\" height=\"600\" data-id=\"9425\" src=\"https:\/\/i0.wp.com\/parnassius-apollo.life\/wp-content\/uploads\/2025\/06\/DSCF7981-ssp-loferenisis-2024.jpg?resize=800%2C600&#038;ssl=1\" alt=\"\" class=\"wp-image-9425\"\/><\/figure>\n\n\n\n<figure class=\"wp-block-image size-large\"><img data-recalc-dims=\"1\" loading=\"lazy\" decoding=\"async\" width=\"800\" height=\"600\" data-id=\"9417\" src=\"https:\/\/i0.wp.com\/parnassius-apollo.life\/wp-content\/uploads\/2025\/06\/DSCF9096-Paarung-Lofer-2024.jpg?resize=800%2C600&#038;ssl=1\" alt=\"\" class=\"wp-image-9417\"\/><figcaption class=\"wp-element-caption\">Para hodowlana Panrassius Apollo<\/figcaption><\/figure>\n\n\n\n<figure class=\"wp-block-image size-large\"><img data-recalc-dims=\"1\" loading=\"lazy\" decoding=\"async\" width=\"800\" height=\"705\" data-id=\"9421\" src=\"https:\/\/i0.wp.com\/parnassius-apollo.life\/wp-content\/uploads\/2025\/06\/DSCF9011-Otto-und-Stefann-Tiorl.jpg?resize=800%2C705&#038;ssl=1\" alt=\"\" class=\"wp-image-9421\"\/><\/figure>\n\n\n\n<figure class=\"wp-block-image size-large\"><img data-recalc-dims=\"1\" loading=\"lazy\" decoding=\"async\" width=\"800\" height=\"616\" data-id=\"9409\" src=\"https:\/\/i0.wp.com\/parnassius-apollo.life\/wp-content\/uploads\/2025\/06\/DSCF9445-Stefan-Rass-und-Otto-Feldner-Entbuschng-Marz-2025.jpg?resize=800%2C616&#038;ssl=1\" alt=\"\" class=\"wp-image-9409\"\/><\/figure>\n\n\n\n<figure class=\"wp-block-image size-large\"><img data-recalc-dims=\"1\" loading=\"lazy\" decoding=\"async\" width=\"800\" height=\"600\" data-id=\"9413\" src=\"https:\/\/i0.wp.com\/parnassius-apollo.life\/wp-content\/uploads\/2025\/06\/DSCF9337-Lofer-10.06.2025.jpg?resize=800%2C600&#038;ssl=1\" alt=\"\" class=\"wp-image-9413\"\/><figcaption class=\"wp-element-caption\">Parnassius mnemosyne r\u00f3wnie\u017c czerpie korzy\u015bci z tego usuwania zanieczyszcze\u0144<\/figcaption><\/figure>\n<\/figure>\n\n<hr class=\"wp-block-separator has-alpha-channel-opacity\"\/>\n","protected":false},"excerpt":{"rendered":"<p>\ud83e\udd8b Odbudowa siedlisk dla motyli Apollo w Lofer!<br \/>\nWiosn\u0105 2025 r. na suchym zboczu stepowym poni\u017cej L\u00e4rchberg w pobli\u017cu Lofer przeprowadzono szeroko zakrojone dzia\u0142ania na rzecz odtworzenia siedlisk &#8211; cz\u0119\u015b\u0107 projektu UE-LIFE Apollo2020.<\/p>\n<p>\ud83c\udf3f Z biegiem lat zbocze zaros\u0142o krzewami i m\u0142odymi drzewami (g\u0142\u00f3wnie \u015bwierkami, leszczyn\u0105 i klonami), blokuj\u0105c dost\u0119p \u015bwiat\u0142a s\u0142onecznego i wypieraj\u0105c rozchodnik bia\u0142y (Sedum album) &#8211; jedyn\u0105 ro\u015blin\u0119 pokarmow\u0105 larw motyla Apollo.<\/p>\n<p>\ud83d\udc49 Mi\u0119dzy 6 marca a 23 kwietnia 15 dni akcji po\u015bwi\u0119cono na oczyszczenie oko\u0142o 30 hektar\u00f3w ziemi. Cel: ponowne otwarcie zbocza na \u015bwiat\u0142o s\u0142oneczne, przywr\u00f3cenie suchej ro\u015blinno\u015bci trawiastej i poprawa warunk\u00f3w dla rzadkiego podgatunku Parnassius apollo loferensis. <\/p>\n<p>\ud83d\udc8e Miejsce to jest jednym z ostatnich bastion\u00f3w tego genetycznie odr\u0119bnego motyla alpejskiego, kt\u00f3ry nie wyst\u0119puje nigdzie indziej na \u015bwiecie!<\/p>\n<p>\ud83d\udd27 Kampani\u0105 kierowa\u0142 Otto Feldner (European Wilderness Society), wspierany przez lokaln\u0105 spo\u0142eczno\u015b\u0107 rolnicz\u0105 L\u00e4rchberg-Lofer, oddanych wolontariuszy i regionalnych ekspert\u00f3w ds. ochrony przyrody z rz\u0105du Salzburga.<\/p>\n<p>\ud83c\udf1e Doskona\u0142y przyk\u0142ad tego, jak lokalna wsp\u00f3\u0142praca i wczesne dzia\u0142ania mog\u0105 pom\u00f3c w ochronie jednego z najbardziej znanych gatunk\u00f3w motyli w Alpach!<\/p>\n<p>#Apollo2020 #ParnassiusApollo #Loferensis #L\u00e4rchberg #ButterflyConservation #HabitatRestoration #EUlife #AlpineNature #NatureConservation<\/p>\n","protected":false},"author":1,"featured_media":9436,"comment_status":"open","ping_status":"open","sticky":false,"template":"","format":"standard","meta":{"colormag_page_container_layout":"default_layout","colormag_page_sidebar_layout":"default_layout","ghostkit_customizer_options":"","ghostkit_custom_css":"","ghostkit_custom_js_head":"","ghostkit_custom_js_foot":"","ghostkit_typography":"","jetpack_post_was_ever_published":false,"_jetpack_newsletter_access":"","_jetpack_dont_email_post_to_subs":false,"_jetpack_newsletter_tier_id":0,"_jetpack_memberships_contains_paywalled_content":false,"_jetpack_memberships_contains_paid_content":false,"footnotes":"","jetpack_publicize_message":"","jetpack_publicize_feature_enabled":true,"jetpack_social_post_already_shared":true,"jetpack_social_options":{"image_generator_settings":{"template":"highway","default_image_id":0,"font":"","enabled":false},"version":2},"_wpas_customize_per_network":false},"categories":[250,232],"tags":[],"class_list":["post-9443","post","type-post","status-publish","format-standard","has-post-thumbnail","hentry","category-aktualnosci-dotyczace-projektu","category-monitoring"],"yoast_head":"<!-- This site is optimized with the Yoast SEO Premium plugin v27.4 (Yoast SEO v27.4) - https:\/\/yoast.com\/product\/yoast-seo-premium-wordpress\/ -->\n<title>Usuwanie krzew\u00f3w w Lofer dla Parnassius Apollo - Parnassius apollo project LIFE Apollo2020<\/title>\n<meta name=\"robots\" content=\"index, follow, max-snippet:-1, max-image-preview:large, max-video-preview:-1\" \/>\n<link rel=\"canonical\" href=\"https:\/\/parnassius-apollo.life\/pl\/usuwanie-krzewow-w-ramach-projektu-ue-life-apollo2020\" \/>\n<meta property=\"og:locale\" content=\"pl_PL\" \/>\n<meta property=\"og:type\" content=\"article\" \/>\n<meta property=\"og:title\" content=\"Usuwanie krzew\u00f3w w Lofer dla Parnassius Apollo\" \/>\n<meta property=\"og:description\" content=\"\ud83e\udd8b Odbudowa siedlisk dla motyli Apollo w Lofer! Wiosn\u0105 2025 r. na suchym zboczu stepowym poni\u017cej L\u00e4rchberg w pobli\u017cu Lofer przeprowadzono szeroko zakrojone dzia\u0142ania na rzecz odtworzenia siedlisk - cz\u0119\u015b\u0107 projektu UE-LIFE Apollo2020. \ud83c\udf3f Z biegiem lat zbocze zaros\u0142o krzewami i m\u0142odymi drzewami (g\u0142\u00f3wnie \u015bwierkami, leszczyn\u0105 i klonami), blokuj\u0105c dost\u0119p \u015bwiat\u0142a s\u0142onecznego i wypieraj\u0105c rozchodnik bia\u0142y (Sedum album) - jedyn\u0105 ro\u015blin\u0119 pokarmow\u0105 larw motyla Apollo. \ud83d\udc49 Mi\u0119dzy 6 marca a 23 kwietnia 15 dni akcji po\u015bwi\u0119cono na oczyszczenie oko\u0142o 30 hektar\u00f3w ziemi. Cel: ponowne otwarcie zbocza na \u015bwiat\u0142o s\u0142oneczne, przywr\u00f3cenie suchej ro\u015blinno\u015bci trawiastej i poprawa warunk\u00f3w dla rzadkiego podgatunku Parnassius apollo loferensis.  \ud83d\udc8e Miejsce to jest jednym z ostatnich bastion\u00f3w tego genetycznie odr\u0119bnego motyla alpejskiego, kt\u00f3ry nie wyst\u0119puje nigdzie indziej na \u015bwiecie! \ud83d\udd27 Kampani\u0105 kierowa\u0142 Otto Feldner (European Wilderness Society), wspierany przez lokaln\u0105 spo\u0142eczno\u015b\u0107 rolnicz\u0105 L\u00e4rchberg-Lofer, oddanych wolontariuszy i regionalnych ekspert\u00f3w ds. ochrony przyrody z rz\u0105du Salzburga. \ud83c\udf1e Doskona\u0142y przyk\u0142ad tego, jak lokalna wsp\u00f3\u0142praca i wczesne dzia\u0142ania mog\u0105 pom\u00f3c w ochronie jednego z najbardziej znanych gatunk\u00f3w motyli w Alpach! #Apollo2020 #ParnassiusApollo #Loferensis #L\u00e4rchberg #ButterflyConservation #HabitatRestoration #EUlife #AlpineNature #NatureConservation\" \/>\n<meta property=\"og:url\" content=\"https:\/\/parnassius-apollo.life\/pl\/usuwanie-krzewow-w-ramach-projektu-ue-life-apollo2020\" \/>\n<meta property=\"og:site_name\" content=\"Parnassius apollo project LIFE Apollo2020\" \/>\n<meta property=\"article:published_time\" content=\"2025-06-16T15:01:22+00:00\" \/>\n<meta property=\"article:modified_time\" content=\"2025-07-10T15:25:03+00:00\" \/>\n<meta property=\"og:image\" content=\"https:\/\/parnassius-apollo.life\/wp-content\/uploads\/2025\/06\/20250415_113532-15.4.2025.jpg\" \/>\n\t<meta property=\"og:image:width\" content=\"1600\" \/>\n\t<meta property=\"og:image:height\" content=\"1200\" \/>\n\t<meta property=\"og:image:type\" content=\"image\/jpeg\" \/>\n<meta name=\"author\" content=\"Max A E Rossberg\" \/>\n<meta name=\"twitter:card\" content=\"summary_large_image\" \/>\n<meta name=\"twitter:label1\" content=\"Napisane przez\" \/>\n\t<meta name=\"twitter:data1\" content=\"Max A E Rossberg\" \/>\n\t<meta name=\"twitter:label2\" content=\"Szacowany czas czytania\" \/>\n\t<meta name=\"twitter:data2\" content=\"2 minuty\" \/>\n<script type=\"application\/ld+json\" class=\"yoast-schema-graph\">{\"@context\":\"https:\\\/\\\/schema.org\",\"@graph\":[{\"@type\":\"Article\",\"@id\":\"https:\\\/\\\/parnassius-apollo.life\\\/pl\\\/usuwanie-krzewow-w-ramach-projektu-ue-life-apollo2020#article\",\"isPartOf\":{\"@id\":\"https:\\\/\\\/parnassius-apollo.life\\\/pl\\\/usuwanie-krzewow-w-ramach-projektu-ue-life-apollo2020\"},\"author\":{\"name\":\"Max A E Rossberg\",\"@id\":\"https:\\\/\\\/parnassius-apollo.life\\\/pl#\\\/schema\\\/person\\\/db18db89ffe956aaa9b354ea3a358595\"},\"headline\":\"Usuwanie krzew\u00f3w w Lofer dla Parnassius Apollo\",\"datePublished\":\"2025-06-16T15:01:22+00:00\",\"dateModified\":\"2025-07-10T15:25:03+00:00\",\"mainEntityOfPage\":{\"@id\":\"https:\\\/\\\/parnassius-apollo.life\\\/pl\\\/usuwanie-krzewow-w-ramach-projektu-ue-life-apollo2020\"},\"wordCount\":443,\"commentCount\":0,\"publisher\":{\"@id\":\"https:\\\/\\\/parnassius-apollo.life\\\/pl#organization\"},\"image\":{\"@id\":\"https:\\\/\\\/parnassius-apollo.life\\\/pl\\\/usuwanie-krzewow-w-ramach-projektu-ue-life-apollo2020#primaryimage\"},\"thumbnailUrl\":\"https:\\\/\\\/i0.wp.com\\\/parnassius-apollo.life\\\/wp-content\\\/uploads\\\/2025\\\/06\\\/20250415_113532-15.4.2025.jpg?fit=1600%2C1200&ssl=1\",\"articleSection\":[\"Aktualno\u015bci dotycz\u0105ce projektu\",\"Monitoring\"],\"inLanguage\":\"pl-PL\",\"potentialAction\":[{\"@type\":\"CommentAction\",\"name\":\"Comment\",\"target\":[\"https:\\\/\\\/parnassius-apollo.life\\\/pl\\\/usuwanie-krzewow-w-ramach-projektu-ue-life-apollo2020#respond\"]}]},{\"@type\":\"WebPage\",\"@id\":\"https:\\\/\\\/parnassius-apollo.life\\\/pl\\\/usuwanie-krzewow-w-ramach-projektu-ue-life-apollo2020\",\"url\":\"https:\\\/\\\/parnassius-apollo.life\\\/pl\\\/usuwanie-krzewow-w-ramach-projektu-ue-life-apollo2020\",\"name\":\"Usuwanie krzew\u00f3w w Lofer dla Parnassius Apollo - Parnassius apollo project LIFE Apollo2020\",\"isPartOf\":{\"@id\":\"https:\\\/\\\/parnassius-apollo.life\\\/pl#website\"},\"primaryImageOfPage\":{\"@id\":\"https:\\\/\\\/parnassius-apollo.life\\\/pl\\\/usuwanie-krzewow-w-ramach-projektu-ue-life-apollo2020#primaryimage\"},\"image\":{\"@id\":\"https:\\\/\\\/parnassius-apollo.life\\\/pl\\\/usuwanie-krzewow-w-ramach-projektu-ue-life-apollo2020#primaryimage\"},\"thumbnailUrl\":\"https:\\\/\\\/i0.wp.com\\\/parnassius-apollo.life\\\/wp-content\\\/uploads\\\/2025\\\/06\\\/20250415_113532-15.4.2025.jpg?fit=1600%2C1200&ssl=1\",\"datePublished\":\"2025-06-16T15:01:22+00:00\",\"dateModified\":\"2025-07-10T15:25:03+00:00\",\"breadcrumb\":{\"@id\":\"https:\\\/\\\/parnassius-apollo.life\\\/pl\\\/usuwanie-krzewow-w-ramach-projektu-ue-life-apollo2020#breadcrumb\"},\"inLanguage\":\"pl-PL\",\"potentialAction\":[{\"@type\":\"ReadAction\",\"target\":[\"https:\\\/\\\/parnassius-apollo.life\\\/pl\\\/usuwanie-krzewow-w-ramach-projektu-ue-life-apollo2020\"]}]},{\"@type\":\"ImageObject\",\"inLanguage\":\"pl-PL\",\"@id\":\"https:\\\/\\\/parnassius-apollo.life\\\/pl\\\/usuwanie-krzewow-w-ramach-projektu-ue-life-apollo2020#primaryimage\",\"url\":\"https:\\\/\\\/i0.wp.com\\\/parnassius-apollo.life\\\/wp-content\\\/uploads\\\/2025\\\/06\\\/20250415_113532-15.4.2025.jpg?fit=1600%2C1200&ssl=1\",\"contentUrl\":\"https:\\\/\\\/i0.wp.com\\\/parnassius-apollo.life\\\/wp-content\\\/uploads\\\/2025\\\/06\\\/20250415_113532-15.4.2025.jpg?fit=1600%2C1200&ssl=1\",\"width\":1600,\"height\":1200},{\"@type\":\"BreadcrumbList\",\"@id\":\"https:\\\/\\\/parnassius-apollo.life\\\/pl\\\/usuwanie-krzewow-w-ramach-projektu-ue-life-apollo2020#breadcrumb\",\"itemListElement\":[{\"@type\":\"ListItem\",\"position\":1,\"name\":\"Home\",\"item\":\"https:\\\/\\\/parnassius-apollo.life\\\/pl\"},{\"@type\":\"ListItem\",\"position\":2,\"name\":\"Usuwanie krzew\u00f3w w Lofer dla Parnassius Apollo\"}]},{\"@type\":\"WebSite\",\"@id\":\"https:\\\/\\\/parnassius-apollo.life\\\/pl#website\",\"url\":\"https:\\\/\\\/parnassius-apollo.life\\\/pl\",\"name\":\"Parnassius apollo project LIFE Apollo2020\",\"description\":\"Conservation of Parnassius apollo in Czechia, Poland and Austria\",\"publisher\":{\"@id\":\"https:\\\/\\\/parnassius-apollo.life\\\/pl#organization\"},\"potentialAction\":[{\"@type\":\"SearchAction\",\"target\":{\"@type\":\"EntryPoint\",\"urlTemplate\":\"https:\\\/\\\/parnassius-apollo.life\\\/pl?s={search_term_string}\"},\"query-input\":{\"@type\":\"PropertyValueSpecification\",\"valueRequired\":true,\"valueName\":\"search_term_string\"}}],\"inLanguage\":\"pl-PL\"},{\"@type\":\"Organization\",\"@id\":\"https:\\\/\\\/parnassius-apollo.life\\\/pl#organization\",\"name\":\"LIFE Apollo 2020\",\"alternateName\":\"Parnassius Apollo LIFE Project\",\"url\":\"https:\\\/\\\/parnassius-apollo.life\\\/pl\",\"logo\":{\"@type\":\"ImageObject\",\"inLanguage\":\"pl-PL\",\"@id\":\"https:\\\/\\\/parnassius-apollo.life\\\/pl#\\\/schema\\\/logo\\\/image\\\/\",\"url\":\"https:\\\/\\\/i0.wp.com\\\/parnassius-apollo.life\\\/wp-content\\\/uploads\\\/2022\\\/05\\\/LIFE_Apollo_Final-e1651506328254.png?fit=127%2C150&ssl=1\",\"contentUrl\":\"https:\\\/\\\/i0.wp.com\\\/parnassius-apollo.life\\\/wp-content\\\/uploads\\\/2022\\\/05\\\/LIFE_Apollo_Final-e1651506328254.png?fit=127%2C150&ssl=1\",\"width\":127,\"height\":150,\"caption\":\"LIFE Apollo 2020\"},\"image\":{\"@id\":\"https:\\\/\\\/parnassius-apollo.life\\\/pl#\\\/schema\\\/logo\\\/image\\\/\"},\"email\":\"info@apollo-2020.life\",\"legalName\":\"Karkonoski Park Narodowy\",\"numberOfEmployees\":{\"@type\":\"QuantitativeValue\",\"minValue\":\"51\",\"maxValue\":\"200\"}},{\"@type\":\"Person\",\"@id\":\"https:\\\/\\\/parnassius-apollo.life\\\/pl#\\\/schema\\\/person\\\/db18db89ffe956aaa9b354ea3a358595\",\"name\":\"Max A E Rossberg\",\"image\":{\"@type\":\"ImageObject\",\"inLanguage\":\"pl-PL\",\"@id\":\"https:\\\/\\\/secure.gravatar.com\\\/avatar\\\/a1ba4ca1bcc05f047030d7bd36e2cd2395b444a1ad53d0e598385bfa5da87a79?s=96&d=mm&r=g\",\"url\":\"https:\\\/\\\/secure.gravatar.com\\\/avatar\\\/a1ba4ca1bcc05f047030d7bd36e2cd2395b444a1ad53d0e598385bfa5da87a79?s=96&d=mm&r=g\",\"contentUrl\":\"https:\\\/\\\/secure.gravatar.com\\\/avatar\\\/a1ba4ca1bcc05f047030d7bd36e2cd2395b444a1ad53d0e598385bfa5da87a79?s=96&d=mm&r=g\",\"caption\":\"Max A E Rossberg\"},\"sameAs\":[\"https:\\\/\\\/wilderness-society.org\"],\"url\":\"https:\\\/\\\/parnassius-apollo.life\\\/pl\\\/author\\\/max\"}]}<\/script>\n<!-- \/ Yoast SEO Premium plugin. -->","yoast_head_json":{"title":"Usuwanie krzew\u00f3w w Lofer dla Parnassius Apollo - Parnassius apollo project LIFE Apollo2020","robots":{"index":"index","follow":"follow","max-snippet":"max-snippet:-1","max-image-preview":"max-image-preview:large","max-video-preview":"max-video-preview:-1"},"canonical":"https:\/\/parnassius-apollo.life\/pl\/usuwanie-krzewow-w-ramach-projektu-ue-life-apollo2020","og_locale":"pl_PL","og_type":"article","og_title":"Usuwanie krzew\u00f3w w Lofer dla Parnassius Apollo","og_description":"\ud83e\udd8b Odbudowa siedlisk dla motyli Apollo w Lofer! Wiosn\u0105 2025 r. na suchym zboczu stepowym poni\u017cej L\u00e4rchberg w pobli\u017cu Lofer przeprowadzono szeroko zakrojone dzia\u0142ania na rzecz odtworzenia siedlisk - cz\u0119\u015b\u0107 projektu UE-LIFE Apollo2020. \ud83c\udf3f Z biegiem lat zbocze zaros\u0142o krzewami i m\u0142odymi drzewami (g\u0142\u00f3wnie \u015bwierkami, leszczyn\u0105 i klonami), blokuj\u0105c dost\u0119p \u015bwiat\u0142a s\u0142onecznego i wypieraj\u0105c rozchodnik bia\u0142y (Sedum album) - jedyn\u0105 ro\u015blin\u0119 pokarmow\u0105 larw motyla Apollo. \ud83d\udc49 Mi\u0119dzy 6 marca a 23 kwietnia 15 dni akcji po\u015bwi\u0119cono na oczyszczenie oko\u0142o 30 hektar\u00f3w ziemi. Cel: ponowne otwarcie zbocza na \u015bwiat\u0142o s\u0142oneczne, przywr\u00f3cenie suchej ro\u015blinno\u015bci trawiastej i poprawa warunk\u00f3w dla rzadkiego podgatunku Parnassius apollo loferensis.  \ud83d\udc8e Miejsce to jest jednym z ostatnich bastion\u00f3w tego genetycznie odr\u0119bnego motyla alpejskiego, kt\u00f3ry nie wyst\u0119puje nigdzie indziej na \u015bwiecie! \ud83d\udd27 Kampani\u0105 kierowa\u0142 Otto Feldner (European Wilderness Society), wspierany przez lokaln\u0105 spo\u0142eczno\u015b\u0107 rolnicz\u0105 L\u00e4rchberg-Lofer, oddanych wolontariuszy i regionalnych ekspert\u00f3w ds. ochrony przyrody z rz\u0105du Salzburga. \ud83c\udf1e Doskona\u0142y przyk\u0142ad tego, jak lokalna wsp\u00f3\u0142praca i wczesne dzia\u0142ania mog\u0105 pom\u00f3c w ochronie jednego z najbardziej znanych gatunk\u00f3w motyli w Alpach! #Apollo2020 #ParnassiusApollo #Loferensis #L\u00e4rchberg #ButterflyConservation #HabitatRestoration #EUlife #AlpineNature #NatureConservation","og_url":"https:\/\/parnassius-apollo.life\/pl\/usuwanie-krzewow-w-ramach-projektu-ue-life-apollo2020","og_site_name":"Parnassius apollo project LIFE Apollo2020","article_published_time":"2025-06-16T15:01:22+00:00","article_modified_time":"2025-07-10T15:25:03+00:00","og_image":[{"width":1600,"height":1200,"url":"https:\/\/parnassius-apollo.life\/wp-content\/uploads\/2025\/06\/20250415_113532-15.4.2025.jpg","type":"image\/jpeg"}],"author":"Max A E Rossberg","twitter_card":"summary_large_image","twitter_misc":{"Napisane przez":"Max A E Rossberg","Szacowany czas czytania":"2 minuty"},"schema":{"@context":"https:\/\/schema.org","@graph":[{"@type":"Article","@id":"https:\/\/parnassius-apollo.life\/pl\/usuwanie-krzewow-w-ramach-projektu-ue-life-apollo2020#article","isPartOf":{"@id":"https:\/\/parnassius-apollo.life\/pl\/usuwanie-krzewow-w-ramach-projektu-ue-life-apollo2020"},"author":{"name":"Max A E Rossberg","@id":"https:\/\/parnassius-apollo.life\/pl#\/schema\/person\/db18db89ffe956aaa9b354ea3a358595"},"headline":"Usuwanie krzew\u00f3w w Lofer dla Parnassius Apollo","datePublished":"2025-06-16T15:01:22+00:00","dateModified":"2025-07-10T15:25:03+00:00","mainEntityOfPage":{"@id":"https:\/\/parnassius-apollo.life\/pl\/usuwanie-krzewow-w-ramach-projektu-ue-life-apollo2020"},"wordCount":443,"commentCount":0,"publisher":{"@id":"https:\/\/parnassius-apollo.life\/pl#organization"},"image":{"@id":"https:\/\/parnassius-apollo.life\/pl\/usuwanie-krzewow-w-ramach-projektu-ue-life-apollo2020#primaryimage"},"thumbnailUrl":"https:\/\/i0.wp.com\/parnassius-apollo.life\/wp-content\/uploads\/2025\/06\/20250415_113532-15.4.2025.jpg?fit=1600%2C1200&ssl=1","articleSection":["Aktualno\u015bci dotycz\u0105ce projektu","Monitoring"],"inLanguage":"pl-PL","potentialAction":[{"@type":"CommentAction","name":"Comment","target":["https:\/\/parnassius-apollo.life\/pl\/usuwanie-krzewow-w-ramach-projektu-ue-life-apollo2020#respond"]}]},{"@type":"WebPage","@id":"https:\/\/parnassius-apollo.life\/pl\/usuwanie-krzewow-w-ramach-projektu-ue-life-apollo2020","url":"https:\/\/parnassius-apollo.life\/pl\/usuwanie-krzewow-w-ramach-projektu-ue-life-apollo2020","name":"Usuwanie krzew\u00f3w w Lofer dla Parnassius Apollo - Parnassius apollo project LIFE Apollo2020","isPartOf":{"@id":"https:\/\/parnassius-apollo.life\/pl#website"},"primaryImageOfPage":{"@id":"https:\/\/parnassius-apollo.life\/pl\/usuwanie-krzewow-w-ramach-projektu-ue-life-apollo2020#primaryimage"},"image":{"@id":"https:\/\/parnassius-apollo.life\/pl\/usuwanie-krzewow-w-ramach-projektu-ue-life-apollo2020#primaryimage"},"thumbnailUrl":"https:\/\/i0.wp.com\/parnassius-apollo.life\/wp-content\/uploads\/2025\/06\/20250415_113532-15.4.2025.jpg?fit=1600%2C1200&ssl=1","datePublished":"2025-06-16T15:01:22+00:00","dateModified":"2025-07-10T15:25:03+00:00","breadcrumb":{"@id":"https:\/\/parnassius-apollo.life\/pl\/usuwanie-krzewow-w-ramach-projektu-ue-life-apollo2020#breadcrumb"},"inLanguage":"pl-PL","potentialAction":[{"@type":"ReadAction","target":["https:\/\/parnassius-apollo.life\/pl\/usuwanie-krzewow-w-ramach-projektu-ue-life-apollo2020"]}]},{"@type":"ImageObject","inLanguage":"pl-PL","@id":"https:\/\/parnassius-apollo.life\/pl\/usuwanie-krzewow-w-ramach-projektu-ue-life-apollo2020#primaryimage","url":"https:\/\/i0.wp.com\/parnassius-apollo.life\/wp-content\/uploads\/2025\/06\/20250415_113532-15.4.2025.jpg?fit=1600%2C1200&ssl=1","contentUrl":"https:\/\/i0.wp.com\/parnassius-apollo.life\/wp-content\/uploads\/2025\/06\/20250415_113532-15.4.2025.jpg?fit=1600%2C1200&ssl=1","width":1600,"height":1200},{"@type":"BreadcrumbList","@id":"https:\/\/parnassius-apollo.life\/pl\/usuwanie-krzewow-w-ramach-projektu-ue-life-apollo2020#breadcrumb","itemListElement":[{"@type":"ListItem","position":1,"name":"Home","item":"https:\/\/parnassius-apollo.life\/pl"},{"@type":"ListItem","position":2,"name":"Usuwanie krzew\u00f3w w Lofer dla Parnassius Apollo"}]},{"@type":"WebSite","@id":"https:\/\/parnassius-apollo.life\/pl#website","url":"https:\/\/parnassius-apollo.life\/pl","name":"Parnassius apollo project LIFE Apollo2020","description":"Conservation of Parnassius apollo in Czechia, Poland and Austria","publisher":{"@id":"https:\/\/parnassius-apollo.life\/pl#organization"},"potentialAction":[{"@type":"SearchAction","target":{"@type":"EntryPoint","urlTemplate":"https:\/\/parnassius-apollo.life\/pl?s={search_term_string}"},"query-input":{"@type":"PropertyValueSpecification","valueRequired":true,"valueName":"search_term_string"}}],"inLanguage":"pl-PL"},{"@type":"Organization","@id":"https:\/\/parnassius-apollo.life\/pl#organization","name":"LIFE Apollo 2020","alternateName":"Parnassius Apollo LIFE Project","url":"https:\/\/parnassius-apollo.life\/pl","logo":{"@type":"ImageObject","inLanguage":"pl-PL","@id":"https:\/\/parnassius-apollo.life\/pl#\/schema\/logo\/image\/","url":"https:\/\/i0.wp.com\/parnassius-apollo.life\/wp-content\/uploads\/2022\/05\/LIFE_Apollo_Final-e1651506328254.png?fit=127%2C150&ssl=1","contentUrl":"https:\/\/i0.wp.com\/parnassius-apollo.life\/wp-content\/uploads\/2022\/05\/LIFE_Apollo_Final-e1651506328254.png?fit=127%2C150&ssl=1","width":127,"height":150,"caption":"LIFE Apollo 2020"},"image":{"@id":"https:\/\/parnassius-apollo.life\/pl#\/schema\/logo\/image\/"},"email":"info@apollo-2020.life","legalName":"Karkonoski Park Narodowy","numberOfEmployees":{"@type":"QuantitativeValue","minValue":"51","maxValue":"200"}},{"@type":"Person","@id":"https:\/\/parnassius-apollo.life\/pl#\/schema\/person\/db18db89ffe956aaa9b354ea3a358595","name":"Max A E Rossberg","image":{"@type":"ImageObject","inLanguage":"pl-PL","@id":"https:\/\/secure.gravatar.com\/avatar\/a1ba4ca1bcc05f047030d7bd36e2cd2395b444a1ad53d0e598385bfa5da87a79?s=96&d=mm&r=g","url":"https:\/\/secure.gravatar.com\/avatar\/a1ba4ca1bcc05f047030d7bd36e2cd2395b444a1ad53d0e598385bfa5da87a79?s=96&d=mm&r=g","contentUrl":"https:\/\/secure.gravatar.com\/avatar\/a1ba4ca1bcc05f047030d7bd36e2cd2395b444a1ad53d0e598385bfa5da87a79?s=96&d=mm&r=g","caption":"Max A E Rossberg"},"sameAs":["https:\/\/wilderness-society.org"],"url":"https:\/\/parnassius-apollo.life\/pl\/author\/max"}]}},"jetpack_publicize_connections":[],"jetpack_featured_media_url":"https:\/\/i0.wp.com\/parnassius-apollo.life\/wp-content\/uploads\/2025\/06\/20250415_113532-15.4.2025.jpg?fit=1600%2C1200&ssl=1","jetpack_likes_enabled":true,"jetpack_sharing_enabled":true,"_links":{"self":[{"href":"https:\/\/parnassius-apollo.life\/pl\/wp-json\/wp\/v2\/posts\/9443","targetHints":{"allow":["GET"]}}],"collection":[{"href":"https:\/\/parnassius-apollo.life\/pl\/wp-json\/wp\/v2\/posts"}],"about":[{"href":"https:\/\/parnassius-apollo.life\/pl\/wp-json\/wp\/v2\/types\/post"}],"author":[{"embeddable":true,"href":"https:\/\/parnassius-apollo.life\/pl\/wp-json\/wp\/v2\/users\/1"}],"replies":[{"embeddable":true,"href":"https:\/\/parnassius-apollo.life\/pl\/wp-json\/wp\/v2\/comments?post=9443"}],"version-history":[{"count":0,"href":"https:\/\/parnassius-apollo.life\/pl\/wp-json\/wp\/v2\/posts\/9443\/revisions"}],"wp:featuredmedia":[{"embeddable":true,"href":"https:\/\/parnassius-apollo.life\/pl\/wp-json\/wp\/v2\/media\/9436"}],"wp:attachment":[{"href":"https:\/\/parnassius-apollo.life\/pl\/wp-json\/wp\/v2\/media?parent=9443"}],"wp:term":[{"taxonomy":"category","embeddable":true,"href":"https:\/\/parnassius-apollo.life\/pl\/wp-json\/wp\/v2\/categories?post=9443"},{"taxonomy":"post_tag","embeddable":true,"href":"https:\/\/parnassius-apollo.life\/pl\/wp-json\/wp\/v2\/tags?post=9443"}],"curies":[{"name":"wp","href":"https:\/\/api.w.org\/{rel}","templated":true}]}}