{"id":9121,"date":"2025-02-10T11:35:00","date_gmt":"2025-02-10T10:35:00","guid":{"rendered":"https:\/\/parnassius-apollo.life\/jak-jasno-okreslone-motywy-reaguja-na-zmiane-klimatu"},"modified":"2025-02-10T11:35:13","modified_gmt":"2025-02-10T10:35:13","slug":"jak-jasno-okreslone-motywy-reaguja-na-zmiane-klimatu","status":"publish","type":"post","link":"https:\/\/parnassius-apollo.life\/pl\/jak-jasno-okreslone-motywy-reaguja-na-zmiane-klimatu","title":{"rendered":"Jak jasno okre\u015blone motywy reaguj\u0105 na zmian\u0119 klimatu?"},"content":{"rendered":"\n<p>Zmienno\u015b\u0107 klimatu jest jednym z najwa\u017cniejszych czynnik\u00f3w wp\u0142ywaj\u0105cych na \u015brodowisko. Niszczenie siedlisk jest g\u0142\u00f3wnym czynnikiem wp\u0142ywaj\u0105cym na globalne trendy biologiczne. W zwi\u0105zku z tym, \u017ce s\u0105 to siedliska druh\u00f3w, nie s\u0105 to siedliska zwierz\u0105t. Przeprowadzone badania pokazuj\u0105, \u017ce wi\u0119kszo\u015b\u0107 lek\u00f3w reaguje na zmiany klimatyczne, kt\u00f3re w podobnym stopniu wp\u0142ywaj\u0105 na smugi na polach. Zm\u011bna klimatu ovliv\u0148uje jejich \u017eivotn\u00ed cykly, dobu letu, z\u00e1kladn\u00ed interakce a v t\u00edm p\u00e1dem i p\u0159e\u017eit\u00ed.      <\/p>\n\n<p>Jaso\u0148 \u010dervenook\u00fd je uk\u00e1zkov\u00fdm p\u0159\u00edpadem t\u011bchto <a href=\"https:\/\/hal.archives-ouvertes.fr\/hal-02323624\/document\">probl\u00e9m\u016f<\/a>. Na polskich ziemiach ludno\u015b\u0107 zamieszkuj\u0105ca te tereny jest w stanie poradzi\u0107 sobie z tymi problemami, a wi\u0119kszo\u015b\u0107 z nich jest w stanie je rozwi\u0105za\u0107. Hlavn\u00ed p\u0159\u00ed\u010diny takov\u00e9ho \u00fabytku jsou antropick\u00e9 (zap\u0159\u00ed\u010din\u011bn\u00e9 lidmi) a jde nap\u0159\u00edklad nedostate\u010dnou pastvu, zne\u010di\u0161t\u011bn\u00ed, turistiku, sb\u011br jedinc\u016f jason\u011b nebo ztr\u00e1tu stanovi\u0161\u0165. Z\u00e1sadn\u00ed rola v\u0161ak hraje citlivost druh\u016f na zm\u011bny stanovi\u0161\u0165 i zm\u011bny klimatu.     <\/p>\n\n<h3 class=\"wp-block-heading\">Citliv\u00e1 prom\u011bna<\/h3>\n\n<p>Mot\u00fdli proch\u00e1zej\u00ed b\u011bhem sv\u00e9ho \u017eivota \u0159adou rychl\u00fdch a dramatick\u00fdch prom\u011bn. Ta metamorfoza ma wp\u0142yw na klimatyczn\u0105 pogod\u0119, dzi\u0119ki czemu ruch z jednego miejsca do drugiego jest zsynchronizowany z rytmem p\u0159\u00edrody, a podobna sytuacja ma miejsce w przypadku cykl\u00f3w p\u0159\u00edrodn\u00edm. Wi\u0119kszo\u015b\u0107 z nich mo\u017ce mie\u0107 problemy z poruszaniem si\u0119 na prostej drodze. Wi\u0119ksza liczba miejsc, w kt\u00f3rych mo\u017cna si\u0119 zatrzyma\u0107, mo\u017ce by\u0107 bardzo trudna. W ten spos\u00f3b powstaj\u0105 nowe koncepcje w procesie jej metamorfozy, a tym samym powstaj\u0105 nowe rozwi\u0105zania w zakresie jej prostoty.    <\/p>\n\n<p>Jedn\u0105 z nich jest mo\u017cliwo\u015b\u0107 adaptacji druh\u00f3w, kt\u00f3ra jest aktywna. W zwi\u0105zku z tym, \u017ce w wielu cyklach m\u00f3wi si\u0119 o &#8222;fenologii&#8221;, to w przypadku druh\u00f3w za\u017cywaj\u0105cych narkotyki w roce, m\u00f3wi si\u0119 o &#8222;postupuj\u00ed ve sv\u00e9 fenologii&#8221;. Posuny byly do ur\u010dit\u00e9 m\u00edry pozorov\u00e1ny u cel\u00e9 \u0159ady mot\u00fdl\u016f a m\u016fr.  <\/p>\n\n<p><a href=\"https:\/\/www.nature.com\/articles\/s41467-019-12479-w\" target=\"_blank\" rel=\"noreferrer noopener\">Studium<\/a> ukazuje, \u017ce leki na elastyczne cykle \u017cyciowe maj\u0105 du\u017ce znaczenie, poniewa\u017c buduj\u0105 one najwi\u0119ksze szanse na przetrwanie za po\u015brednictwem jej cykli \u017cyciowych. W dzisiejszych czasach prawdopodobne jest, \u017ce cykl ten b\u0119dzie si\u0119 rozwija\u0142 i wzrasta\u0142 w ci\u0105gu roku, co spowoduje wzrost liczby ludno\u015bci. Istniej\u0105 r\u00f3\u017cne rodzaje drukarek, kt\u00f3re s\u0105 bardziej elastyczne i maj\u0105 jeden powtarzalny cykl za rok. W ten spos\u00f3b mo\u017cna uzyska\u0107 wiele korzy\u015bci. Navic druhy, kt\u00f3rzy specjalizuj\u0105 si\u0119 w jednym konkretnym typie stan\u00f3w, s\u0105 bardzo do\u015bwiadczeni w pos\u0142ugiwaniu si\u0119 fenologi\u0105.    <\/p>\n\n<h3 class=\"wp-block-heading\">Mot\u00fdli v pohybu<\/h3>\n\n<p>W ci\u0105gu ostatnich kilku lat, w zwi\u0105zku z dobrymi warunkami pogodowymi, w regionie miejskim, w kt\u00f3rym panuj\u0105 warunki pogodowe, w celu poprawy jako\u015bci \u017cycia. Otwieraj\u0105 si\u0119 domy i odchodz\u0105 do domu z nowymi teplotami. Niewielkie migracje z morza do morza. Znane s\u0105 r\u00f3wnie\u017c przypadki, gdy na szlakach pojawiaj\u0105 si\u0119 paj\u0105ki, kt\u00f3re nie s\u0105 w stanie dotrze\u0107 do roli cz\u0142owieka w motylu. Fragmenty biotopu mog\u0105 by\u0107 wykorzystane w kombinacji ze zmodyfikowanym klimatem, co prowadzi do zwi\u0119kszenia motoryki, a tym samym do zwi\u0119kszenia zu\u017cycia energii.    <\/p>\n\n<p>Tata migrace je patrn\u00e1 zejm\u00e9na v horsk\u00fdch oblastech. <a href=\"https:\/\/www.nature.com\/articles\/s41598-021-93826-0#Sec1\" target=\"_blank\" rel=\"noreferrer noopener\">Studium<\/a> ukazuje wyra\u017an\u0105 i stabiln\u0105 tendencj\u0119 do rozchodzenia si\u0119 motyw\u00f3w we wsp\u00f3\u0142czesnych Alpach sm\u011brem do nadmorskich v\u00fd\u0161ek. W zwi\u0105zku z tym, \u017ce jest to bardzo wa\u017cne w przypadku jednych lek\u00f3w, nie ma tu mowy o \u017cadnych dodatkowych korzy\u015bciach dla zdrowia i konkurencyjno\u015bci lek\u00f3w. W przypadku lek\u00f3w o z\u0142ych tendencjach, kt\u00f3re s\u0105 bardzo popularne, nale\u017cy pami\u0119ta\u0107, \u017ce s\u0105 one dost\u0119pne na jednym ze stan\u00f3w po jednym pokoleniu.    <\/p>\n\n<p>Populace jason\u011b \u010dervenook\u00e9ho jsou obecn\u011b mal\u00e9 a izolovan\u00e9 a jejich roz\u0161\u00ed\u0159en\u00ed je omezeno na jednotliv\u00e1 horsk\u00e1 p\u00e1sma. Globalna zmiana klimatu wp\u0142ywa na struktur\u0119 jej stanu i powoduje, \u017ce rostlinn\u00e9 druhy posouvaj\u00ed na horsk\u00e9 vrcholy. Do tego dochodz\u0105 biotyczne interakcje z hmyzem i rostlinami. Klimatyczne warunki panuj\u0105ce w powietrzu i na rozproszonych druhach, a tak\u017ce rozproszone druhowie z rodu Parnassius w horrorach posuwaj\u0105 si\u0119 naprz\u00f3d. Poho\u0159\u00ed jsou v\u0161ak kone\u010dn\u00e1 a i nejvy\u0161\u0161\u0161\u00ed hory maj\u00ed pro druhy rodu Parnassius ekologick\u00e9 a evolu\u010dn\u00ed limity.    <\/p>\n\n<h3 class=\"wp-block-heading\">Ochrana jednoho druhu za \u00fa\u010delem ochrany dal\u0161\u00edch druh\u016f<\/h3>\n\n<p>W zwi\u0105zku z tym, \u017ce klimat jest bardzo zmienny, to nie ma potrzeby, aby\u015bmy si\u0119 nim zajmowali. Kv\u016fli na\u0161emu bezohledn\u00e9mu zach\u00e1zen\u00ed s jejich biotopy m\u016f\u017eeme o tyto radostn\u00e9 a kr\u00e1sn\u00e9 tvory p\u0159ij\u00edt. Ochrana mot\u00fdl\u016f p\u0159ed zm\u011bnou klimatu je v\u0161ak d\u016fle\u017eit\u00e1 nejen kv\u016fli jejich kr\u00e1se. Mot\u00fdli toti\u017e hraj\u00ed d\u016fle\u017eitou roli v na\u0161ich ekosyst\u00e9mech (ekosyst\u00e9m = ucelen\u00e1 \u010d\u00e1st p\u0159\u00edrody). W jej domach znajduj\u0105 si\u0119 du\u017ce ilo\u015bci rostlin i slou\u017e\u00ed i jako takie mog\u0105 by\u0107 wykorzystywane do r\u00f3\u017cnych cel\u00f3w. Mo\u017cna to zrobi\u0107 jako opcj\u0119 w przypadku rostlinn\u00fdch druh\u00f3w. Motywy te mog\u0105 by\u0107 wykorzystywane do gromadzenia danych kumulacyjnych na ostatnich druhach w ekosystemie.        <\/p>\n\n<p><em>Jaso\u0148 \u010dervenook\u00fd<\/em> p\u016fsob\u00ed jako tzv. de\u0161tn\u00edkov\u00fd druh (zast\u0159e\u0161uj\u00edc\u00ed druh) pro ochranu biologick\u00e9 rozmanitosti na \u00farovni ekosyst\u00e9m\u016f a mozaiky stanovi\u0161\u0165. Ochranou tohoto druhu jsou tak chr\u00e1n\u011bny i dal\u0161\u00ed druhy a stanovi\u0161t\u011b, na nich\u017e \u017eij\u00ed.    <\/p>\n","protected":false},"excerpt":{"rendered":"<p>Zmienno\u015b\u0107 klimatu jest jednym z najwa\u017cniejszych czynnik\u00f3w wp\u0142ywaj\u0105cych na \u015brodowisko. Niszczenie siedlisk jest g\u0142\u00f3wnym czynnikiem wp\u0142ywaj\u0105cym na globalne trendy biologiczne.<\/p>\n","protected":false},"author":33,"featured_media":547,"comment_status":"open","ping_status":"open","sticky":false,"template":"","format":"standard","meta":{"colormag_page_container_layout":"default_layout","colormag_page_sidebar_layout":"default_layout","ghostkit_customizer_options":"","ghostkit_custom_css":"","ghostkit_custom_js_head":"","ghostkit_custom_js_foot":"","ghostkit_typography":"","jetpack_post_was_ever_published":false,"_jetpack_newsletter_access":"","_jetpack_dont_email_post_to_subs":false,"_jetpack_newsletter_tier_id":0,"_jetpack_memberships_contains_paywalled_content":false,"_jetpack_memberships_contains_paid_content":false,"footnotes":"","jetpack_publicize_message":"","jetpack_publicize_feature_enabled":true,"jetpack_social_post_already_shared":true,"jetpack_social_options":{"image_generator_settings":{"template":"highway","default_image_id":0,"font":"","enabled":false},"version":2},"_wpas_customize_per_network":false},"categories":[252],"tags":[270,357,283],"class_list":["post-9121","post","type-post","status-publish","format-standard","has-post-thumbnail","hentry","category-motyle-dla-poczatkujacych","tag-parnassius-apollo-pl","tag-utrata-roznorodnosci-biologicznej","tag-zmiana-klimatu"],"yoast_head":"<!-- This site is optimized with the Yoast SEO Premium plugin v27.4 (Yoast SEO v27.4) - https:\/\/yoast.com\/product\/yoast-seo-premium-wordpress\/ -->\n<title>Jak jasno okre\u015blone motywy reaguj\u0105 na zmian\u0119 klimatu? - Parnassius apollo project LIFE Apollo2020<\/title>\n<meta name=\"description\" content=\"Zm\u011bna klimatu ohro\u017euje glob\u00e1ln\u00ed biodiverzitu v\u010detn\u011b mot\u00fdl\u016f. Jaso\u0148 \u010dervenook\u00fd (Parnassius apollo) jest jednym z najwa\u017cniejszych problem\u00f3w, kt\u00f3re go dotycz\u0105.\" \/>\n<meta name=\"robots\" content=\"index, follow, max-snippet:-1, max-image-preview:large, max-video-preview:-1\" \/>\n<link rel=\"canonical\" href=\"https:\/\/parnassius-apollo.life\/pl\/jak-jasno-okreslone-motywy-reaguja-na-zmiane-klimatu\" \/>\n<meta property=\"og:locale\" content=\"pl_PL\" \/>\n<meta property=\"og:type\" content=\"article\" \/>\n<meta property=\"og:title\" content=\"Jak jasno okre\u015blone motywy reaguj\u0105 na zmian\u0119 klimatu?\" \/>\n<meta property=\"og:description\" content=\"Zm\u011bna klimatu ohro\u017euje glob\u00e1ln\u00ed biodiverzitu v\u010detn\u011b mot\u00fdl\u016f. Jaso\u0148 \u010dervenook\u00fd (Parnassius apollo) jest jednym z najwa\u017cniejszych problem\u00f3w, kt\u00f3re go dotycz\u0105.\" \/>\n<meta property=\"og:url\" content=\"https:\/\/parnassius-apollo.life\/pl\/jak-jasno-okreslone-motywy-reaguja-na-zmiane-klimatu\" \/>\n<meta property=\"og:site_name\" content=\"Parnassius apollo project LIFE Apollo2020\" \/>\n<meta property=\"article:published_time\" content=\"2025-02-10T10:35:00+00:00\" \/>\n<meta property=\"article:modified_time\" content=\"2025-02-10T10:35:13+00:00\" \/>\n<meta property=\"og:image\" content=\"https:\/\/i0.wp.com\/parnassius-apollo.life\/wp-content\/uploads\/2022\/02\/Parnassius-apollo-L.-juvavus-ma-Karteis-2015-33336.jpg?fit=1562%2C1200&ssl=1\" \/>\n\t<meta property=\"og:image:width\" content=\"1562\" \/>\n\t<meta property=\"og:image:height\" content=\"1200\" \/>\n\t<meta property=\"og:image:type\" content=\"image\/jpeg\" \/>\n<meta name=\"author\" content=\"Laura Rossberg\" \/>\n<meta name=\"twitter:card\" content=\"summary_large_image\" \/>\n<meta name=\"twitter:label1\" content=\"Napisane przez\" \/>\n\t<meta name=\"twitter:data1\" content=\"Laura Rossberg\" \/>\n\t<meta name=\"twitter:label2\" content=\"Szacowany czas czytania\" \/>\n\t<meta name=\"twitter:data2\" content=\"5 minut\" \/>\n<script type=\"application\/ld+json\" class=\"yoast-schema-graph\">{\"@context\":\"https:\\\/\\\/schema.org\",\"@graph\":[{\"@type\":\"Article\",\"@id\":\"https:\\\/\\\/parnassius-apollo.life\\\/pl\\\/jak-jasno-okreslone-motywy-reaguja-na-zmiane-klimatu#article\",\"isPartOf\":{\"@id\":\"https:\\\/\\\/parnassius-apollo.life\\\/pl\\\/jak-jasno-okreslone-motywy-reaguja-na-zmiane-klimatu\"},\"author\":{\"name\":\"Laura Rossberg\",\"@id\":\"https:\\\/\\\/parnassius-apollo.life\\\/pl#\\\/schema\\\/person\\\/d2f73fe23bd92f4b07851cd37077efa1\"},\"headline\":\"Jak jasno okre\u015blone motywy reaguj\u0105 na zmian\u0119 klimatu?\",\"datePublished\":\"2025-02-10T10:35:00+00:00\",\"dateModified\":\"2025-02-10T10:35:13+00:00\",\"mainEntityOfPage\":{\"@id\":\"https:\\\/\\\/parnassius-apollo.life\\\/pl\\\/jak-jasno-okreslone-motywy-reaguja-na-zmiane-klimatu\"},\"wordCount\":919,\"commentCount\":0,\"publisher\":{\"@id\":\"https:\\\/\\\/parnassius-apollo.life\\\/pl#organization\"},\"image\":{\"@id\":\"https:\\\/\\\/parnassius-apollo.life\\\/pl\\\/jak-jasno-okreslone-motywy-reaguja-na-zmiane-klimatu#primaryimage\"},\"thumbnailUrl\":\"https:\\\/\\\/i0.wp.com\\\/parnassius-apollo.life\\\/wp-content\\\/uploads\\\/2022\\\/02\\\/Parnassius-apollo-L.-juvavus-ma-Karteis-2015-33336.jpg?fit=1562%2C1200&ssl=1\",\"keywords\":[\"parnassius apollo\",\"utrata r\u00f3\u017cnorodno\u015bci biologicznej\",\"zmiana klimatu\"],\"articleSection\":[\"Motyle dla pocz\u0105tkuj\u0105cych\"],\"inLanguage\":\"pl-PL\",\"potentialAction\":[{\"@type\":\"CommentAction\",\"name\":\"Comment\",\"target\":[\"https:\\\/\\\/parnassius-apollo.life\\\/pl\\\/jak-jasno-okreslone-motywy-reaguja-na-zmiane-klimatu#respond\"]}]},{\"@type\":\"WebPage\",\"@id\":\"https:\\\/\\\/parnassius-apollo.life\\\/pl\\\/jak-jasno-okreslone-motywy-reaguja-na-zmiane-klimatu\",\"url\":\"https:\\\/\\\/parnassius-apollo.life\\\/pl\\\/jak-jasno-okreslone-motywy-reaguja-na-zmiane-klimatu\",\"name\":\"Jak jasno okre\u015blone motywy reaguj\u0105 na zmian\u0119 klimatu? - Parnassius apollo project LIFE Apollo2020\",\"isPartOf\":{\"@id\":\"https:\\\/\\\/parnassius-apollo.life\\\/pl#website\"},\"primaryImageOfPage\":{\"@id\":\"https:\\\/\\\/parnassius-apollo.life\\\/pl\\\/jak-jasno-okreslone-motywy-reaguja-na-zmiane-klimatu#primaryimage\"},\"image\":{\"@id\":\"https:\\\/\\\/parnassius-apollo.life\\\/pl\\\/jak-jasno-okreslone-motywy-reaguja-na-zmiane-klimatu#primaryimage\"},\"thumbnailUrl\":\"https:\\\/\\\/i0.wp.com\\\/parnassius-apollo.life\\\/wp-content\\\/uploads\\\/2022\\\/02\\\/Parnassius-apollo-L.-juvavus-ma-Karteis-2015-33336.jpg?fit=1562%2C1200&ssl=1\",\"datePublished\":\"2025-02-10T10:35:00+00:00\",\"dateModified\":\"2025-02-10T10:35:13+00:00\",\"description\":\"Zm\u011bna klimatu ohro\u017euje glob\u00e1ln\u00ed biodiverzitu v\u010detn\u011b mot\u00fdl\u016f. Jaso\u0148 \u010dervenook\u00fd (Parnassius apollo) jest jednym z najwa\u017cniejszych problem\u00f3w, kt\u00f3re go dotycz\u0105.\",\"breadcrumb\":{\"@id\":\"https:\\\/\\\/parnassius-apollo.life\\\/pl\\\/jak-jasno-okreslone-motywy-reaguja-na-zmiane-klimatu#breadcrumb\"},\"inLanguage\":\"pl-PL\",\"potentialAction\":[{\"@type\":\"ReadAction\",\"target\":[\"https:\\\/\\\/parnassius-apollo.life\\\/pl\\\/jak-jasno-okreslone-motywy-reaguja-na-zmiane-klimatu\"]}]},{\"@type\":\"ImageObject\",\"inLanguage\":\"pl-PL\",\"@id\":\"https:\\\/\\\/parnassius-apollo.life\\\/pl\\\/jak-jasno-okreslone-motywy-reaguja-na-zmiane-klimatu#primaryimage\",\"url\":\"https:\\\/\\\/i0.wp.com\\\/parnassius-apollo.life\\\/wp-content\\\/uploads\\\/2022\\\/02\\\/Parnassius-apollo-L.-juvavus-ma-Karteis-2015-33336.jpg?fit=1562%2C1200&ssl=1\",\"contentUrl\":\"https:\\\/\\\/i0.wp.com\\\/parnassius-apollo.life\\\/wp-content\\\/uploads\\\/2022\\\/02\\\/Parnassius-apollo-L.-juvavus-ma-Karteis-2015-33336.jpg?fit=1562%2C1200&ssl=1\",\"width\":1562,\"height\":1200,\"caption\":\"Apollo Buterfly\"},{\"@type\":\"BreadcrumbList\",\"@id\":\"https:\\\/\\\/parnassius-apollo.life\\\/pl\\\/jak-jasno-okreslone-motywy-reaguja-na-zmiane-klimatu#breadcrumb\",\"itemListElement\":[{\"@type\":\"ListItem\",\"position\":1,\"name\":\"Home\",\"item\":\"https:\\\/\\\/parnassius-apollo.life\\\/pl\"},{\"@type\":\"ListItem\",\"position\":2,\"name\":\"Jak jasno okre\u015blone motywy reaguj\u0105 na zmian\u0119 klimatu?\"}]},{\"@type\":\"WebSite\",\"@id\":\"https:\\\/\\\/parnassius-apollo.life\\\/pl#website\",\"url\":\"https:\\\/\\\/parnassius-apollo.life\\\/pl\",\"name\":\"Parnassius apollo project LIFE Apollo2020\",\"description\":\"Conservation of Parnassius apollo in Czechia, Poland and Austria\",\"publisher\":{\"@id\":\"https:\\\/\\\/parnassius-apollo.life\\\/pl#organization\"},\"potentialAction\":[{\"@type\":\"SearchAction\",\"target\":{\"@type\":\"EntryPoint\",\"urlTemplate\":\"https:\\\/\\\/parnassius-apollo.life\\\/pl?s={search_term_string}\"},\"query-input\":{\"@type\":\"PropertyValueSpecification\",\"valueRequired\":true,\"valueName\":\"search_term_string\"}}],\"inLanguage\":\"pl-PL\"},{\"@type\":\"Organization\",\"@id\":\"https:\\\/\\\/parnassius-apollo.life\\\/pl#organization\",\"name\":\"LIFE Apollo 2020\",\"alternateName\":\"Parnassius Apollo LIFE Project\",\"url\":\"https:\\\/\\\/parnassius-apollo.life\\\/pl\",\"logo\":{\"@type\":\"ImageObject\",\"inLanguage\":\"pl-PL\",\"@id\":\"https:\\\/\\\/parnassius-apollo.life\\\/pl#\\\/schema\\\/logo\\\/image\\\/\",\"url\":\"https:\\\/\\\/i0.wp.com\\\/parnassius-apollo.life\\\/wp-content\\\/uploads\\\/2022\\\/05\\\/LIFE_Apollo_Final-e1651506328254.png?fit=127%2C150&ssl=1\",\"contentUrl\":\"https:\\\/\\\/i0.wp.com\\\/parnassius-apollo.life\\\/wp-content\\\/uploads\\\/2022\\\/05\\\/LIFE_Apollo_Final-e1651506328254.png?fit=127%2C150&ssl=1\",\"width\":127,\"height\":150,\"caption\":\"LIFE Apollo 2020\"},\"image\":{\"@id\":\"https:\\\/\\\/parnassius-apollo.life\\\/pl#\\\/schema\\\/logo\\\/image\\\/\"},\"email\":\"info@apollo-2020.life\",\"legalName\":\"Karkonoski Park Narodowy\",\"numberOfEmployees\":{\"@type\":\"QuantitativeValue\",\"minValue\":\"51\",\"maxValue\":\"200\"}},{\"@type\":\"Person\",\"@id\":\"https:\\\/\\\/parnassius-apollo.life\\\/pl#\\\/schema\\\/person\\\/d2f73fe23bd92f4b07851cd37077efa1\",\"name\":\"Laura Rossberg\",\"image\":{\"@type\":\"ImageObject\",\"inLanguage\":\"pl-PL\",\"@id\":\"https:\\\/\\\/secure.gravatar.com\\\/avatar\\\/bd7a654df2848050c46a6939ad761f51c6fdf63026ebade03e5fb26569e330af?s=96&d=mm&r=g\",\"url\":\"https:\\\/\\\/secure.gravatar.com\\\/avatar\\\/bd7a654df2848050c46a6939ad761f51c6fdf63026ebade03e5fb26569e330af?s=96&d=mm&r=g\",\"contentUrl\":\"https:\\\/\\\/secure.gravatar.com\\\/avatar\\\/bd7a654df2848050c46a6939ad761f51c6fdf63026ebade03e5fb26569e330af?s=96&d=mm&r=g\",\"caption\":\"Laura Rossberg\"},\"url\":\"https:\\\/\\\/parnassius-apollo.life\\\/pl\\\/author\\\/laura-rossberg\"}]}<\/script>\n<!-- \/ Yoast SEO Premium plugin. -->","yoast_head_json":{"title":"Jak jasno okre\u015blone motywy reaguj\u0105 na zmian\u0119 klimatu? - Parnassius apollo project LIFE Apollo2020","description":"Zm\u011bna klimatu ohro\u017euje glob\u00e1ln\u00ed biodiverzitu v\u010detn\u011b mot\u00fdl\u016f. Jaso\u0148 \u010dervenook\u00fd (Parnassius apollo) jest jednym z najwa\u017cniejszych problem\u00f3w, kt\u00f3re go dotycz\u0105.","robots":{"index":"index","follow":"follow","max-snippet":"max-snippet:-1","max-image-preview":"max-image-preview:large","max-video-preview":"max-video-preview:-1"},"canonical":"https:\/\/parnassius-apollo.life\/pl\/jak-jasno-okreslone-motywy-reaguja-na-zmiane-klimatu","og_locale":"pl_PL","og_type":"article","og_title":"Jak jasno okre\u015blone motywy reaguj\u0105 na zmian\u0119 klimatu?","og_description":"Zm\u011bna klimatu ohro\u017euje glob\u00e1ln\u00ed biodiverzitu v\u010detn\u011b mot\u00fdl\u016f. Jaso\u0148 \u010dervenook\u00fd (Parnassius apollo) jest jednym z najwa\u017cniejszych problem\u00f3w, kt\u00f3re go dotycz\u0105.","og_url":"https:\/\/parnassius-apollo.life\/pl\/jak-jasno-okreslone-motywy-reaguja-na-zmiane-klimatu","og_site_name":"Parnassius apollo project LIFE Apollo2020","article_published_time":"2025-02-10T10:35:00+00:00","article_modified_time":"2025-02-10T10:35:13+00:00","og_image":[{"width":1562,"height":1200,"url":"https:\/\/i0.wp.com\/parnassius-apollo.life\/wp-content\/uploads\/2022\/02\/Parnassius-apollo-L.-juvavus-ma-Karteis-2015-33336.jpg?fit=1562%2C1200&ssl=1","type":"image\/jpeg"}],"author":"Laura Rossberg","twitter_card":"summary_large_image","twitter_misc":{"Napisane przez":"Laura Rossberg","Szacowany czas czytania":"5 minut"},"schema":{"@context":"https:\/\/schema.org","@graph":[{"@type":"Article","@id":"https:\/\/parnassius-apollo.life\/pl\/jak-jasno-okreslone-motywy-reaguja-na-zmiane-klimatu#article","isPartOf":{"@id":"https:\/\/parnassius-apollo.life\/pl\/jak-jasno-okreslone-motywy-reaguja-na-zmiane-klimatu"},"author":{"name":"Laura Rossberg","@id":"https:\/\/parnassius-apollo.life\/pl#\/schema\/person\/d2f73fe23bd92f4b07851cd37077efa1"},"headline":"Jak jasno okre\u015blone motywy reaguj\u0105 na zmian\u0119 klimatu?","datePublished":"2025-02-10T10:35:00+00:00","dateModified":"2025-02-10T10:35:13+00:00","mainEntityOfPage":{"@id":"https:\/\/parnassius-apollo.life\/pl\/jak-jasno-okreslone-motywy-reaguja-na-zmiane-klimatu"},"wordCount":919,"commentCount":0,"publisher":{"@id":"https:\/\/parnassius-apollo.life\/pl#organization"},"image":{"@id":"https:\/\/parnassius-apollo.life\/pl\/jak-jasno-okreslone-motywy-reaguja-na-zmiane-klimatu#primaryimage"},"thumbnailUrl":"https:\/\/i0.wp.com\/parnassius-apollo.life\/wp-content\/uploads\/2022\/02\/Parnassius-apollo-L.-juvavus-ma-Karteis-2015-33336.jpg?fit=1562%2C1200&ssl=1","keywords":["parnassius apollo","utrata r\u00f3\u017cnorodno\u015bci biologicznej","zmiana klimatu"],"articleSection":["Motyle dla pocz\u0105tkuj\u0105cych"],"inLanguage":"pl-PL","potentialAction":[{"@type":"CommentAction","name":"Comment","target":["https:\/\/parnassius-apollo.life\/pl\/jak-jasno-okreslone-motywy-reaguja-na-zmiane-klimatu#respond"]}]},{"@type":"WebPage","@id":"https:\/\/parnassius-apollo.life\/pl\/jak-jasno-okreslone-motywy-reaguja-na-zmiane-klimatu","url":"https:\/\/parnassius-apollo.life\/pl\/jak-jasno-okreslone-motywy-reaguja-na-zmiane-klimatu","name":"Jak jasno okre\u015blone motywy reaguj\u0105 na zmian\u0119 klimatu? - Parnassius apollo project LIFE Apollo2020","isPartOf":{"@id":"https:\/\/parnassius-apollo.life\/pl#website"},"primaryImageOfPage":{"@id":"https:\/\/parnassius-apollo.life\/pl\/jak-jasno-okreslone-motywy-reaguja-na-zmiane-klimatu#primaryimage"},"image":{"@id":"https:\/\/parnassius-apollo.life\/pl\/jak-jasno-okreslone-motywy-reaguja-na-zmiane-klimatu#primaryimage"},"thumbnailUrl":"https:\/\/i0.wp.com\/parnassius-apollo.life\/wp-content\/uploads\/2022\/02\/Parnassius-apollo-L.-juvavus-ma-Karteis-2015-33336.jpg?fit=1562%2C1200&ssl=1","datePublished":"2025-02-10T10:35:00+00:00","dateModified":"2025-02-10T10:35:13+00:00","description":"Zm\u011bna klimatu ohro\u017euje glob\u00e1ln\u00ed biodiverzitu v\u010detn\u011b mot\u00fdl\u016f. Jaso\u0148 \u010dervenook\u00fd (Parnassius apollo) jest jednym z najwa\u017cniejszych problem\u00f3w, kt\u00f3re go dotycz\u0105.","breadcrumb":{"@id":"https:\/\/parnassius-apollo.life\/pl\/jak-jasno-okreslone-motywy-reaguja-na-zmiane-klimatu#breadcrumb"},"inLanguage":"pl-PL","potentialAction":[{"@type":"ReadAction","target":["https:\/\/parnassius-apollo.life\/pl\/jak-jasno-okreslone-motywy-reaguja-na-zmiane-klimatu"]}]},{"@type":"ImageObject","inLanguage":"pl-PL","@id":"https:\/\/parnassius-apollo.life\/pl\/jak-jasno-okreslone-motywy-reaguja-na-zmiane-klimatu#primaryimage","url":"https:\/\/i0.wp.com\/parnassius-apollo.life\/wp-content\/uploads\/2022\/02\/Parnassius-apollo-L.-juvavus-ma-Karteis-2015-33336.jpg?fit=1562%2C1200&ssl=1","contentUrl":"https:\/\/i0.wp.com\/parnassius-apollo.life\/wp-content\/uploads\/2022\/02\/Parnassius-apollo-L.-juvavus-ma-Karteis-2015-33336.jpg?fit=1562%2C1200&ssl=1","width":1562,"height":1200,"caption":"Apollo Buterfly"},{"@type":"BreadcrumbList","@id":"https:\/\/parnassius-apollo.life\/pl\/jak-jasno-okreslone-motywy-reaguja-na-zmiane-klimatu#breadcrumb","itemListElement":[{"@type":"ListItem","position":1,"name":"Home","item":"https:\/\/parnassius-apollo.life\/pl"},{"@type":"ListItem","position":2,"name":"Jak jasno okre\u015blone motywy reaguj\u0105 na zmian\u0119 klimatu?"}]},{"@type":"WebSite","@id":"https:\/\/parnassius-apollo.life\/pl#website","url":"https:\/\/parnassius-apollo.life\/pl","name":"Parnassius apollo project LIFE Apollo2020","description":"Conservation of Parnassius apollo in Czechia, Poland and Austria","publisher":{"@id":"https:\/\/parnassius-apollo.life\/pl#organization"},"potentialAction":[{"@type":"SearchAction","target":{"@type":"EntryPoint","urlTemplate":"https:\/\/parnassius-apollo.life\/pl?s={search_term_string}"},"query-input":{"@type":"PropertyValueSpecification","valueRequired":true,"valueName":"search_term_string"}}],"inLanguage":"pl-PL"},{"@type":"Organization","@id":"https:\/\/parnassius-apollo.life\/pl#organization","name":"LIFE Apollo 2020","alternateName":"Parnassius Apollo LIFE Project","url":"https:\/\/parnassius-apollo.life\/pl","logo":{"@type":"ImageObject","inLanguage":"pl-PL","@id":"https:\/\/parnassius-apollo.life\/pl#\/schema\/logo\/image\/","url":"https:\/\/i0.wp.com\/parnassius-apollo.life\/wp-content\/uploads\/2022\/05\/LIFE_Apollo_Final-e1651506328254.png?fit=127%2C150&ssl=1","contentUrl":"https:\/\/i0.wp.com\/parnassius-apollo.life\/wp-content\/uploads\/2022\/05\/LIFE_Apollo_Final-e1651506328254.png?fit=127%2C150&ssl=1","width":127,"height":150,"caption":"LIFE Apollo 2020"},"image":{"@id":"https:\/\/parnassius-apollo.life\/pl#\/schema\/logo\/image\/"},"email":"info@apollo-2020.life","legalName":"Karkonoski Park Narodowy","numberOfEmployees":{"@type":"QuantitativeValue","minValue":"51","maxValue":"200"}},{"@type":"Person","@id":"https:\/\/parnassius-apollo.life\/pl#\/schema\/person\/d2f73fe23bd92f4b07851cd37077efa1","name":"Laura Rossberg","image":{"@type":"ImageObject","inLanguage":"pl-PL","@id":"https:\/\/secure.gravatar.com\/avatar\/bd7a654df2848050c46a6939ad761f51c6fdf63026ebade03e5fb26569e330af?s=96&d=mm&r=g","url":"https:\/\/secure.gravatar.com\/avatar\/bd7a654df2848050c46a6939ad761f51c6fdf63026ebade03e5fb26569e330af?s=96&d=mm&r=g","contentUrl":"https:\/\/secure.gravatar.com\/avatar\/bd7a654df2848050c46a6939ad761f51c6fdf63026ebade03e5fb26569e330af?s=96&d=mm&r=g","caption":"Laura Rossberg"},"url":"https:\/\/parnassius-apollo.life\/pl\/author\/laura-rossberg"}]}},"jetpack_publicize_connections":[],"jetpack_featured_media_url":"https:\/\/i0.wp.com\/parnassius-apollo.life\/wp-content\/uploads\/2022\/02\/Parnassius-apollo-L.-juvavus-ma-Karteis-2015-33336.jpg?fit=1562%2C1200&ssl=1","jetpack_likes_enabled":true,"jetpack_sharing_enabled":true,"_links":{"self":[{"href":"https:\/\/parnassius-apollo.life\/pl\/wp-json\/wp\/v2\/posts\/9121","targetHints":{"allow":["GET"]}}],"collection":[{"href":"https:\/\/parnassius-apollo.life\/pl\/wp-json\/wp\/v2\/posts"}],"about":[{"href":"https:\/\/parnassius-apollo.life\/pl\/wp-json\/wp\/v2\/types\/post"}],"author":[{"embeddable":true,"href":"https:\/\/parnassius-apollo.life\/pl\/wp-json\/wp\/v2\/users\/33"}],"replies":[{"embeddable":true,"href":"https:\/\/parnassius-apollo.life\/pl\/wp-json\/wp\/v2\/comments?post=9121"}],"version-history":[{"count":0,"href":"https:\/\/parnassius-apollo.life\/pl\/wp-json\/wp\/v2\/posts\/9121\/revisions"}],"wp:featuredmedia":[{"embeddable":true,"href":"https:\/\/parnassius-apollo.life\/pl\/wp-json\/wp\/v2\/media\/547"}],"wp:attachment":[{"href":"https:\/\/parnassius-apollo.life\/pl\/wp-json\/wp\/v2\/media?parent=9121"}],"wp:term":[{"taxonomy":"category","embeddable":true,"href":"https:\/\/parnassius-apollo.life\/pl\/wp-json\/wp\/v2\/categories?post=9121"},{"taxonomy":"post_tag","embeddable":true,"href":"https:\/\/parnassius-apollo.life\/pl\/wp-json\/wp\/v2\/tags?post=9121"}],"curies":[{"name":"wp","href":"https:\/\/api.w.org\/{rel}","templated":true}]}}