{"id":8611,"date":"2024-11-30T19:33:52","date_gmt":"2024-11-30T18:33:52","guid":{"rendered":"https:\/\/parnassius-apollo.life\/przywracamy-swietnosc-rezerwatu-przyrody-kruczy-kamien-pl"},"modified":"2025-02-10T11:32:25","modified_gmt":"2025-02-10T10:32:25","slug":"przywracamy-swietnosc-rezerwatu-przyrody-kruczy-kamien-pl","status":"publish","type":"post","link":"https:\/\/parnassius-apollo.life\/pl\/przywracamy-swietnosc-rezerwatu-przyrody-kruczy-kamien-pl","title":{"rendered":"Przywracamy \u015bwietno\u015b\u0107 rezerwatu przyrody Kruczy Kamie\u0144, PL"},"content":{"rendered":"\n<p><strong>Przywracamy \u015bwietno\u015b\u0107 rezerwatu Kruczy Kamie\u0144 &#8211; najwa\u017cniejszego miejsca dla motyla niepylaka apollo w polskich Sudetach  <\/strong><\/p>\n\n<p>Kruczy Kamie\u0144 to rezerwat przyrody nieo\u017cywionej. Zosta\u0142 utworzony w 1954 roku i obecnie ma powierzchni\u0119 12,61 ha. Obejmuje zachodnie i po\u0142udniowo-zachodnie stoki Kruczej Ska\u0142y (681 m n.p.m.) po\u0142o\u017conej w Dolinie Kruczej, w G\u00f3rach Kamiennych. Przedmiotem ochrony rezerwatu jest interesuj\u0105ca forma intruzji trachitowej (odmiana porfiru pochodzenia wulkanicznego) w ska\u0142ach osadowych Rotliegend. Obszar ten sk\u0142ada si\u0119 ze stromych zboczy o wysoko\u015bci dochodz\u0105cej miejscami do 30 metr\u00f3w. Wyst\u0119puj\u0105 tu liczne formacje skalne, a w wielu miejscach powstaj\u0105 rozleg\u0142e pola gruzu skalnego w wyniku kruszenia si\u0119 ska\u0142 porfirowych.     <\/p>\n\n<p>Wi\u0119ksza cz\u0119\u015b\u0107 rezerwatu pokryta jest sztucznie nasadzonym lasem \u015bwierkowym. Pozosta\u0142\u0105 cz\u0119\u015b\u0107 pokrywa g\u0142\u00f3wnie ro\u015blinno\u015b\u0107 naskalna, kserotermiczna, pionierska i \u0142\u0105kowa. Do wa\u017cniejszych siedlisk odnotowanych w rezerwacie nale\u017c\u0105 ekosystemy o charakterze pontyjsko-pano\u0144skim, kt\u00f3re tworz\u0105 mozaik\u0119 z murawami kserotermicznymi i naskalnymi. U podn\u00f3\u017ca skarpy wyst\u0119puj\u0105 rzadkie &#8211; subkontynentalne pery-pano\u0144skie siedliska zaro\u015blowe <em>Rhamno-Prunetea<\/em> z licznymi p\u0142atami <em>irgi ca\u0142olistnej<\/em> (jednej z najwi\u0119kszych w Sudetach) i ro\u015blin zielnych. Krzewom towarzysz\u0105 r\u00f3wnie\u017c murawy napiaskowe <em>Festuco-Stipion<\/em> Pannonic z gatunkami <em>rozchodnik\u00f3w<\/em>, wa\u017cnymi dla motyla niepylaka <em>apollo Parnassius apollo<\/em>. Na rumowisku skalnym i w szczelinach skalnych wykszta\u0142ci\u0142y si\u0119 siedliska o charakterze efemerycznym. Jest to ciep\u0142olubna ro\u015blinno\u015b\u0107 pionierska p\u00f3\u0142ek skalnych zwi\u0105zku <em>Alysso-Sedion<\/em> klasyfikowana jako zesp\u00f3\u0142 <em>Sempervivetum soboliferi<\/em>. Ten typ siedliska jest bogaty w soczyste gatunki <em>Jovibarba sobolifera<\/em>, <em>Sedum acre<\/em>, <em>Sedum maximum<\/em> i <em>Sedum album<\/em> (sztucznie wprowadzone). Dwa ostatnie gatunki stanowi\u0105 \u017ar\u00f3d\u0142o po\u017cywienia dla g\u0105sienic motyla Apollo. Ekosystemy te ulegaj\u0105 stopniowej sukcesji, zarastaj\u0105c wy\u017csz\u0105 ro\u015blinno\u015bci\u0105, g\u0142\u00f3wnie trawami i bylinami, a nast\u0119pnie krzewami i drzewami. U podn\u00f3\u017ca rezerwatu znajduj\u0105 si\u0119 siedliska bogate w ro\u015bliny nektarodajne: p\u0142aty muraw kserotermicznych i ro\u015blinno\u015bci zielnej, a dalej bujna i g\u0119sta ro\u015blinno\u015b\u0107 \u0142\u0105kowa z\u0142o\u017cona g\u0142\u00f3wnie z gatunk\u00f3w <em>Centaurea<\/em> i <em>Cirsium <\/em>.          <\/p>\n\n<figure class=\"wp-block-gallery has-nested-images columns-default is-cropped wp-block-gallery-1 is-layout-flex wp-block-gallery-is-layout-flex\">\n<figure class=\"wp-block-image size-large\"><img data-recalc-dims=\"1\" decoding=\"async\" src=\"https:\/\/i0.wp.com\/parnassius-apollo.life\/wp-content\/uploads\/2024\/06\/Bildschirmfoto-2024-06-10-um-16.51.08.png?w=800&#038;ssl=1\" alt=\"\"\/><\/figure>\n\n\n\n<figure class=\"wp-block-image size-large\"><img data-recalc-dims=\"1\" decoding=\"async\" src=\"https:\/\/i0.wp.com\/parnassius-apollo.life\/wp-content\/uploads\/2024\/06\/Bildschirmfoto-2024-06-10-um-16.50.34.png?w=800&#038;ssl=1\" alt=\"\"\/><\/figure>\n\n\n\n<figure class=\"wp-block-image size-large\"><img data-recalc-dims=\"1\" decoding=\"async\" src=\"https:\/\/i0.wp.com\/parnassius-apollo.life\/wp-content\/uploads\/2024\/06\/Bildschirmfoto-2024-06-10-um-16.50.50.png?w=800&#038;ssl=1\" alt=\"\"\/><\/figure>\n<\/figure>\n\n<p>Do rzadkich gatunk\u00f3w ro\u015blin, w tym prawnie chronionych w Polsce, nale\u017c\u0105: endemiczna forma morfologiczna <em>Viola porphyrea<\/em>, <em>Cotoneaster integerrimus<\/em>, <em>Festuca pallens<\/em>, <em>Lilium martagon<\/em>, <em>Digitalis grandiflora<\/em>, <em>Melampyrum sylvaticum<\/em>, <em>Antennaria dioica<\/em> i <em>Asplenium septentrionale<\/em>.<\/p>\n\n<p>W rezerwacie stwierdzono wyst\u0119powanie bogatej fauny owad\u00f3w, zw\u0142aszcza motyli. Najwi\u0119ksze znaczenie mia\u0142 jednak zawsze wyst\u0119puj\u0105cy tu lokalny podgatunek motyla niepylaka <em>apollo Parnassius apollo silesianus<\/em>. Motyl ten wygin\u0105\u0142 na pocz\u0105tku XX wieku, a obszar G\u00f3r Kruczych by\u0142 jednym z ostatnich miejsc jego wyst\u0119powania na Dolnym \u015al\u0105sku. Pierwsz\u0105 udan\u0105 pr\u00f3b\u0119 reintrodukcji gatunku w rezerwacie podj\u0119to ju\u017c w latach 90. ubieg\u0142ego wieku, a motyle utrzyma\u0142y si\u0119 na tym terenie przez ponad 10 lat. Reintrodukcj\u0119 kontynuowano w XXI wieku, kiedy to rozpocz\u0119to hodowl\u0119 w ramach projektu Fundacji Ekorozwoju, Karkonoskiego Parku Narodowego i Parku Narodowego G\u00f3r Sto\u0142owych, kt\u00f3ra obecnie jest kontynuowana w ramach projektu Apollo2020. Zadbano r\u00f3wnie\u017c o samo siedlisko. Niestety od ostatnich dzia\u0142a\u0144 ochronnych w rezerwacie min\u0119\u0142y lata. Nas\u0142onecznione stoki ponownie zaros\u0142y krzewami i podrostem drzew. Siedliska ciep\u0142olubne zosta\u0142y zacienione, a osuwiska zacz\u0119\u0142y traci\u0107 sw\u00f3j dynamiczny charakter.        <\/p>\n\n<p>Tej zimy Klub Przyrodnik\u00f3w przeprowadzi\u0142 w rezerwacie dzia\u0142ania ochronne, kt\u00f3re pomog\u0105 zachowa\u0107, a miejscami przywr\u00f3ci\u0107 jego swoisty urok. Na powierzchni ok. 1,7 ha usuni\u0119to krzewy (z wyj\u0105tkiem <em>irgi<\/em>), a tak\u017ce podszyt drzew, w tym kilka wi\u0119kszych okaz\u00f3w, kt\u00f3rych nasiona rozprzestrzeniaj\u0105 si\u0119 po stokach Kruczego Kamienia wzmacniaj\u0105c proces sukcesji. Naszym kolejnym celem jest utrzymanie efekt\u00f3w tych dzia\u0142a\u0144 i powstrzymanie odrastania \u015bci\u0119tych krzew\u00f3w i drzew poprzez wypas k\u00f3z.    <\/p>\n\n<figure class=\"wp-block-gallery has-nested-images columns-default is-cropped wp-block-gallery-2 is-layout-flex wp-block-gallery-is-layout-flex\">\n<figure class=\"wp-block-image size-large\"><img data-recalc-dims=\"1\" decoding=\"async\" src=\"https:\/\/i0.wp.com\/parnassius-apollo.life\/wp-content\/uploads\/2024\/06\/Bildschirmfoto-2024-06-10-um-16.49.31.png?w=800&#038;ssl=1\" alt=\"\"\/><\/figure>\n\n\n\n<figure class=\"wp-block-image size-large\"><img data-recalc-dims=\"1\" decoding=\"async\" src=\"https:\/\/i0.wp.com\/parnassius-apollo.life\/wp-content\/uploads\/2024\/06\/Bildschirmfoto-2024-06-10-um-16.49.15.png?w=800&#038;ssl=1\" alt=\"\"\/><\/figure>\n\n\n\n<figure class=\"wp-block-image size-large\"><img data-recalc-dims=\"1\" decoding=\"async\" src=\"https:\/\/i0.wp.com\/parnassius-apollo.life\/wp-content\/uploads\/2024\/06\/Bildschirmfoto-2024-06-10-um-16.51.40.png?w=800&#038;ssl=1\" alt=\"\"\/><\/figure>\n<\/figure>\n\n<p>Wiosn\u0105 w rezerwacie mo\u017cna zobaczy\u0107 g\u0105sienice niepylaka apollo, kt\u00f3re wyklu\u0142y si\u0119 z jaj z\u0142o\u017conych przez motyle w ubieg\u0142ym roku, a ka\u017cdego lata na stokach rezerwatu i na \u0142\u0105ce u jego podn\u00f3\u017ca rozgrywa si\u0119 na naszych oczach spektakl filuternie lataj\u0105cego motyla niepylaka apollo. Naszym marzeniem jest utworzenie w rezerwacie sta\u0142ej populacji tego gatunku, kt\u00f3ra b\u0119dzie potrzebowa\u0142a jedynie naszej pomocy przy wycince krzew\u00f3w. <\/p>\n","protected":false},"excerpt":{"rendered":"<p>Przywracamy \u015bwietno\u015b\u0107 rezerwatu Kruczy Kamie\u0144 &#8211; najwa\u017cniejszego miejsca dla motyla niepylaka apollo w polskich Sudetach Kruczy Kamie\u0144 to rezerwat przyrody<\/p>\n","protected":false},"author":33,"featured_media":8091,"comment_status":"open","ping_status":"open","sticky":false,"template":"","format":"standard","meta":{"colormag_page_container_layout":"default_layout","colormag_page_sidebar_layout":"default_layout","ghostkit_customizer_options":"","ghostkit_custom_css":"","ghostkit_custom_js_head":"","ghostkit_custom_js_foot":"","ghostkit_typography":"","jetpack_post_was_ever_published":false,"_jetpack_newsletter_access":"","_jetpack_dont_email_post_to_subs":false,"_jetpack_newsletter_tier_id":0,"_jetpack_memberships_contains_paywalled_content":false,"_jetpack_memberships_contains_paid_content":false,"footnotes":"","jetpack_publicize_message":"","jetpack_publicize_feature_enabled":true,"jetpack_social_post_already_shared":true,"jetpack_social_options":{"image_generator_settings":{"template":"highway","default_image_id":0,"font":"","enabled":false},"version":2},"_wpas_customize_per_network":false},"categories":[250],"tags":[270,280,295],"class_list":["post-8611","post","type-post","status-publish","format-standard","has-post-thumbnail","hentry","category-aktualnosci-dotyczace-projektu","tag-parnassius-apollo-pl","tag-polska","tag-przywracanie-siedlisk"],"yoast_head":"<!-- This site is optimized with the Yoast SEO Premium plugin v27.4 (Yoast SEO v27.4) - https:\/\/yoast.com\/product\/yoast-seo-premium-wordpress\/ -->\n<title>Przywracamy \u015bwietno\u015b\u0107 rezerwatu przyrody Kruczy Kamie\u0144, PL - Parnassius apollo project LIFE Apollo2020<\/title>\n<meta name=\"robots\" content=\"index, follow, max-snippet:-1, max-image-preview:large, max-video-preview:-1\" \/>\n<link rel=\"canonical\" href=\"https:\/\/parnassius-apollo.life\/pl\/przywracamy-swietnosc-rezerwatu-przyrody-kruczy-kamien-pl\" \/>\n<meta property=\"og:locale\" content=\"pl_PL\" \/>\n<meta property=\"og:type\" content=\"article\" \/>\n<meta property=\"og:title\" content=\"Przywracamy \u015bwietno\u015b\u0107 rezerwatu przyrody Kruczy Kamie\u0144, PL\" \/>\n<meta property=\"og:description\" content=\"Przywracamy \u015bwietno\u015b\u0107 rezerwatu Kruczy Kamie\u0144 &#8211; najwa\u017cniejszego miejsca dla motyla niepylaka apollo w polskich Sudetach Kruczy Kamie\u0144 to rezerwat przyrody\" \/>\n<meta property=\"og:url\" content=\"https:\/\/parnassius-apollo.life\/pl\/przywracamy-swietnosc-rezerwatu-przyrody-kruczy-kamien-pl\" \/>\n<meta property=\"og:site_name\" content=\"Parnassius apollo project LIFE Apollo2020\" \/>\n<meta property=\"article:published_time\" content=\"2024-11-30T18:33:52+00:00\" \/>\n<meta property=\"article:modified_time\" content=\"2025-02-10T10:32:25+00:00\" \/>\n<meta property=\"og:image\" content=\"https:\/\/i0.wp.com\/parnassius-apollo.life\/wp-content\/uploads\/2024\/06\/Bildschirmfoto-2024-06-10-um-16.51.40-1.png?fit=1644%2C1200&ssl=1\" \/>\n\t<meta property=\"og:image:width\" content=\"1644\" \/>\n\t<meta property=\"og:image:height\" content=\"1200\" \/>\n\t<meta property=\"og:image:type\" content=\"image\/png\" \/>\n<meta name=\"author\" content=\"Laura Rossberg\" \/>\n<meta name=\"twitter:card\" content=\"summary_large_image\" \/>\n<meta name=\"twitter:label1\" content=\"Napisane przez\" \/>\n\t<meta name=\"twitter:data1\" content=\"Laura Rossberg\" \/>\n\t<meta name=\"twitter:label2\" content=\"Szacowany czas czytania\" \/>\n\t<meta name=\"twitter:data2\" content=\"3 minuty\" \/>\n<script type=\"application\/ld+json\" class=\"yoast-schema-graph\">{\"@context\":\"https:\\\/\\\/schema.org\",\"@graph\":[{\"@type\":\"Article\",\"@id\":\"https:\\\/\\\/parnassius-apollo.life\\\/pl\\\/przywracamy-swietnosc-rezerwatu-przyrody-kruczy-kamien-pl#article\",\"isPartOf\":{\"@id\":\"https:\\\/\\\/parnassius-apollo.life\\\/pl\\\/przywracamy-swietnosc-rezerwatu-przyrody-kruczy-kamien-pl\"},\"author\":{\"name\":\"Laura Rossberg\",\"@id\":\"https:\\\/\\\/parnassius-apollo.life\\\/pl#\\\/schema\\\/person\\\/d2f73fe23bd92f4b07851cd37077efa1\"},\"headline\":\"Przywracamy \u015bwietno\u015b\u0107 rezerwatu przyrody Kruczy Kamie\u0144, PL\",\"datePublished\":\"2024-11-30T18:33:52+00:00\",\"dateModified\":\"2025-02-10T10:32:25+00:00\",\"mainEntityOfPage\":{\"@id\":\"https:\\\/\\\/parnassius-apollo.life\\\/pl\\\/przywracamy-swietnosc-rezerwatu-przyrody-kruczy-kamien-pl\"},\"wordCount\":693,\"commentCount\":0,\"publisher\":{\"@id\":\"https:\\\/\\\/parnassius-apollo.life\\\/pl#organization\"},\"image\":{\"@id\":\"https:\\\/\\\/parnassius-apollo.life\\\/pl\\\/przywracamy-swietnosc-rezerwatu-przyrody-kruczy-kamien-pl#primaryimage\"},\"thumbnailUrl\":\"https:\\\/\\\/i0.wp.com\\\/parnassius-apollo.life\\\/wp-content\\\/uploads\\\/2024\\\/06\\\/Bildschirmfoto-2024-06-10-um-16.51.40-1.png?fit=1644%2C1200&ssl=1\",\"keywords\":[\"parnassius apollo\",\"Polska\",\"Przywracanie siedlisk\"],\"articleSection\":[\"Aktualno\u015bci dotycz\u0105ce projektu\"],\"inLanguage\":\"pl-PL\",\"potentialAction\":[{\"@type\":\"CommentAction\",\"name\":\"Comment\",\"target\":[\"https:\\\/\\\/parnassius-apollo.life\\\/pl\\\/przywracamy-swietnosc-rezerwatu-przyrody-kruczy-kamien-pl#respond\"]}]},{\"@type\":\"WebPage\",\"@id\":\"https:\\\/\\\/parnassius-apollo.life\\\/pl\\\/przywracamy-swietnosc-rezerwatu-przyrody-kruczy-kamien-pl\",\"url\":\"https:\\\/\\\/parnassius-apollo.life\\\/pl\\\/przywracamy-swietnosc-rezerwatu-przyrody-kruczy-kamien-pl\",\"name\":\"Przywracamy \u015bwietno\u015b\u0107 rezerwatu przyrody Kruczy Kamie\u0144, PL - Parnassius apollo project LIFE Apollo2020\",\"isPartOf\":{\"@id\":\"https:\\\/\\\/parnassius-apollo.life\\\/pl#website\"},\"primaryImageOfPage\":{\"@id\":\"https:\\\/\\\/parnassius-apollo.life\\\/pl\\\/przywracamy-swietnosc-rezerwatu-przyrody-kruczy-kamien-pl#primaryimage\"},\"image\":{\"@id\":\"https:\\\/\\\/parnassius-apollo.life\\\/pl\\\/przywracamy-swietnosc-rezerwatu-przyrody-kruczy-kamien-pl#primaryimage\"},\"thumbnailUrl\":\"https:\\\/\\\/i0.wp.com\\\/parnassius-apollo.life\\\/wp-content\\\/uploads\\\/2024\\\/06\\\/Bildschirmfoto-2024-06-10-um-16.51.40-1.png?fit=1644%2C1200&ssl=1\",\"datePublished\":\"2024-11-30T18:33:52+00:00\",\"dateModified\":\"2025-02-10T10:32:25+00:00\",\"breadcrumb\":{\"@id\":\"https:\\\/\\\/parnassius-apollo.life\\\/pl\\\/przywracamy-swietnosc-rezerwatu-przyrody-kruczy-kamien-pl#breadcrumb\"},\"inLanguage\":\"pl-PL\",\"potentialAction\":[{\"@type\":\"ReadAction\",\"target\":[\"https:\\\/\\\/parnassius-apollo.life\\\/pl\\\/przywracamy-swietnosc-rezerwatu-przyrody-kruczy-kamien-pl\"]}]},{\"@type\":\"ImageObject\",\"inLanguage\":\"pl-PL\",\"@id\":\"https:\\\/\\\/parnassius-apollo.life\\\/pl\\\/przywracamy-swietnosc-rezerwatu-przyrody-kruczy-kamien-pl#primaryimage\",\"url\":\"https:\\\/\\\/i0.wp.com\\\/parnassius-apollo.life\\\/wp-content\\\/uploads\\\/2024\\\/06\\\/Bildschirmfoto-2024-06-10-um-16.51.40-1.png?fit=1644%2C1200&ssl=1\",\"contentUrl\":\"https:\\\/\\\/i0.wp.com\\\/parnassius-apollo.life\\\/wp-content\\\/uploads\\\/2024\\\/06\\\/Bildschirmfoto-2024-06-10-um-16.51.40-1.png?fit=1644%2C1200&ssl=1\",\"width\":1644,\"height\":1200},{\"@type\":\"BreadcrumbList\",\"@id\":\"https:\\\/\\\/parnassius-apollo.life\\\/pl\\\/przywracamy-swietnosc-rezerwatu-przyrody-kruczy-kamien-pl#breadcrumb\",\"itemListElement\":[{\"@type\":\"ListItem\",\"position\":1,\"name\":\"Home\",\"item\":\"https:\\\/\\\/parnassius-apollo.life\\\/pl\"},{\"@type\":\"ListItem\",\"position\":2,\"name\":\"Przywracamy \u015bwietno\u015b\u0107 rezerwatu przyrody Kruczy Kamie\u0144, PL\"}]},{\"@type\":\"WebSite\",\"@id\":\"https:\\\/\\\/parnassius-apollo.life\\\/pl#website\",\"url\":\"https:\\\/\\\/parnassius-apollo.life\\\/pl\",\"name\":\"Parnassius apollo project LIFE Apollo2020\",\"description\":\"Conservation of Parnassius apollo in Czechia, Poland and Austria\",\"publisher\":{\"@id\":\"https:\\\/\\\/parnassius-apollo.life\\\/pl#organization\"},\"potentialAction\":[{\"@type\":\"SearchAction\",\"target\":{\"@type\":\"EntryPoint\",\"urlTemplate\":\"https:\\\/\\\/parnassius-apollo.life\\\/pl?s={search_term_string}\"},\"query-input\":{\"@type\":\"PropertyValueSpecification\",\"valueRequired\":true,\"valueName\":\"search_term_string\"}}],\"inLanguage\":\"pl-PL\"},{\"@type\":\"Organization\",\"@id\":\"https:\\\/\\\/parnassius-apollo.life\\\/pl#organization\",\"name\":\"LIFE Apollo 2020\",\"alternateName\":\"Parnassius Apollo LIFE Project\",\"url\":\"https:\\\/\\\/parnassius-apollo.life\\\/pl\",\"logo\":{\"@type\":\"ImageObject\",\"inLanguage\":\"pl-PL\",\"@id\":\"https:\\\/\\\/parnassius-apollo.life\\\/pl#\\\/schema\\\/logo\\\/image\\\/\",\"url\":\"https:\\\/\\\/i0.wp.com\\\/parnassius-apollo.life\\\/wp-content\\\/uploads\\\/2022\\\/05\\\/LIFE_Apollo_Final-e1651506328254.png?fit=127%2C150&ssl=1\",\"contentUrl\":\"https:\\\/\\\/i0.wp.com\\\/parnassius-apollo.life\\\/wp-content\\\/uploads\\\/2022\\\/05\\\/LIFE_Apollo_Final-e1651506328254.png?fit=127%2C150&ssl=1\",\"width\":127,\"height\":150,\"caption\":\"LIFE Apollo 2020\"},\"image\":{\"@id\":\"https:\\\/\\\/parnassius-apollo.life\\\/pl#\\\/schema\\\/logo\\\/image\\\/\"},\"email\":\"info@apollo-2020.life\",\"legalName\":\"Karkonoski Park Narodowy\",\"numberOfEmployees\":{\"@type\":\"QuantitativeValue\",\"minValue\":\"51\",\"maxValue\":\"200\"}},{\"@type\":\"Person\",\"@id\":\"https:\\\/\\\/parnassius-apollo.life\\\/pl#\\\/schema\\\/person\\\/d2f73fe23bd92f4b07851cd37077efa1\",\"name\":\"Laura Rossberg\",\"image\":{\"@type\":\"ImageObject\",\"inLanguage\":\"pl-PL\",\"@id\":\"https:\\\/\\\/secure.gravatar.com\\\/avatar\\\/bd7a654df2848050c46a6939ad761f51c6fdf63026ebade03e5fb26569e330af?s=96&d=mm&r=g\",\"url\":\"https:\\\/\\\/secure.gravatar.com\\\/avatar\\\/bd7a654df2848050c46a6939ad761f51c6fdf63026ebade03e5fb26569e330af?s=96&d=mm&r=g\",\"contentUrl\":\"https:\\\/\\\/secure.gravatar.com\\\/avatar\\\/bd7a654df2848050c46a6939ad761f51c6fdf63026ebade03e5fb26569e330af?s=96&d=mm&r=g\",\"caption\":\"Laura Rossberg\"},\"url\":\"https:\\\/\\\/parnassius-apollo.life\\\/pl\\\/author\\\/laura-rossberg\"}]}<\/script>\n<!-- \/ Yoast SEO Premium plugin. -->","yoast_head_json":{"title":"Przywracamy \u015bwietno\u015b\u0107 rezerwatu przyrody Kruczy Kamie\u0144, PL - Parnassius apollo project LIFE Apollo2020","robots":{"index":"index","follow":"follow","max-snippet":"max-snippet:-1","max-image-preview":"max-image-preview:large","max-video-preview":"max-video-preview:-1"},"canonical":"https:\/\/parnassius-apollo.life\/pl\/przywracamy-swietnosc-rezerwatu-przyrody-kruczy-kamien-pl","og_locale":"pl_PL","og_type":"article","og_title":"Przywracamy \u015bwietno\u015b\u0107 rezerwatu przyrody Kruczy Kamie\u0144, PL","og_description":"Przywracamy \u015bwietno\u015b\u0107 rezerwatu Kruczy Kamie\u0144 &#8211; najwa\u017cniejszego miejsca dla motyla niepylaka apollo w polskich Sudetach Kruczy Kamie\u0144 to rezerwat przyrody","og_url":"https:\/\/parnassius-apollo.life\/pl\/przywracamy-swietnosc-rezerwatu-przyrody-kruczy-kamien-pl","og_site_name":"Parnassius apollo project LIFE Apollo2020","article_published_time":"2024-11-30T18:33:52+00:00","article_modified_time":"2025-02-10T10:32:25+00:00","og_image":[{"width":1644,"height":1200,"url":"https:\/\/i0.wp.com\/parnassius-apollo.life\/wp-content\/uploads\/2024\/06\/Bildschirmfoto-2024-06-10-um-16.51.40-1.png?fit=1644%2C1200&ssl=1","type":"image\/png"}],"author":"Laura Rossberg","twitter_card":"summary_large_image","twitter_misc":{"Napisane przez":"Laura Rossberg","Szacowany czas czytania":"3 minuty"},"schema":{"@context":"https:\/\/schema.org","@graph":[{"@type":"Article","@id":"https:\/\/parnassius-apollo.life\/pl\/przywracamy-swietnosc-rezerwatu-przyrody-kruczy-kamien-pl#article","isPartOf":{"@id":"https:\/\/parnassius-apollo.life\/pl\/przywracamy-swietnosc-rezerwatu-przyrody-kruczy-kamien-pl"},"author":{"name":"Laura Rossberg","@id":"https:\/\/parnassius-apollo.life\/pl#\/schema\/person\/d2f73fe23bd92f4b07851cd37077efa1"},"headline":"Przywracamy \u015bwietno\u015b\u0107 rezerwatu przyrody Kruczy Kamie\u0144, PL","datePublished":"2024-11-30T18:33:52+00:00","dateModified":"2025-02-10T10:32:25+00:00","mainEntityOfPage":{"@id":"https:\/\/parnassius-apollo.life\/pl\/przywracamy-swietnosc-rezerwatu-przyrody-kruczy-kamien-pl"},"wordCount":693,"commentCount":0,"publisher":{"@id":"https:\/\/parnassius-apollo.life\/pl#organization"},"image":{"@id":"https:\/\/parnassius-apollo.life\/pl\/przywracamy-swietnosc-rezerwatu-przyrody-kruczy-kamien-pl#primaryimage"},"thumbnailUrl":"https:\/\/i0.wp.com\/parnassius-apollo.life\/wp-content\/uploads\/2024\/06\/Bildschirmfoto-2024-06-10-um-16.51.40-1.png?fit=1644%2C1200&ssl=1","keywords":["parnassius apollo","Polska","Przywracanie siedlisk"],"articleSection":["Aktualno\u015bci dotycz\u0105ce projektu"],"inLanguage":"pl-PL","potentialAction":[{"@type":"CommentAction","name":"Comment","target":["https:\/\/parnassius-apollo.life\/pl\/przywracamy-swietnosc-rezerwatu-przyrody-kruczy-kamien-pl#respond"]}]},{"@type":"WebPage","@id":"https:\/\/parnassius-apollo.life\/pl\/przywracamy-swietnosc-rezerwatu-przyrody-kruczy-kamien-pl","url":"https:\/\/parnassius-apollo.life\/pl\/przywracamy-swietnosc-rezerwatu-przyrody-kruczy-kamien-pl","name":"Przywracamy \u015bwietno\u015b\u0107 rezerwatu przyrody Kruczy Kamie\u0144, PL - Parnassius apollo project LIFE Apollo2020","isPartOf":{"@id":"https:\/\/parnassius-apollo.life\/pl#website"},"primaryImageOfPage":{"@id":"https:\/\/parnassius-apollo.life\/pl\/przywracamy-swietnosc-rezerwatu-przyrody-kruczy-kamien-pl#primaryimage"},"image":{"@id":"https:\/\/parnassius-apollo.life\/pl\/przywracamy-swietnosc-rezerwatu-przyrody-kruczy-kamien-pl#primaryimage"},"thumbnailUrl":"https:\/\/i0.wp.com\/parnassius-apollo.life\/wp-content\/uploads\/2024\/06\/Bildschirmfoto-2024-06-10-um-16.51.40-1.png?fit=1644%2C1200&ssl=1","datePublished":"2024-11-30T18:33:52+00:00","dateModified":"2025-02-10T10:32:25+00:00","breadcrumb":{"@id":"https:\/\/parnassius-apollo.life\/pl\/przywracamy-swietnosc-rezerwatu-przyrody-kruczy-kamien-pl#breadcrumb"},"inLanguage":"pl-PL","potentialAction":[{"@type":"ReadAction","target":["https:\/\/parnassius-apollo.life\/pl\/przywracamy-swietnosc-rezerwatu-przyrody-kruczy-kamien-pl"]}]},{"@type":"ImageObject","inLanguage":"pl-PL","@id":"https:\/\/parnassius-apollo.life\/pl\/przywracamy-swietnosc-rezerwatu-przyrody-kruczy-kamien-pl#primaryimage","url":"https:\/\/i0.wp.com\/parnassius-apollo.life\/wp-content\/uploads\/2024\/06\/Bildschirmfoto-2024-06-10-um-16.51.40-1.png?fit=1644%2C1200&ssl=1","contentUrl":"https:\/\/i0.wp.com\/parnassius-apollo.life\/wp-content\/uploads\/2024\/06\/Bildschirmfoto-2024-06-10-um-16.51.40-1.png?fit=1644%2C1200&ssl=1","width":1644,"height":1200},{"@type":"BreadcrumbList","@id":"https:\/\/parnassius-apollo.life\/pl\/przywracamy-swietnosc-rezerwatu-przyrody-kruczy-kamien-pl#breadcrumb","itemListElement":[{"@type":"ListItem","position":1,"name":"Home","item":"https:\/\/parnassius-apollo.life\/pl"},{"@type":"ListItem","position":2,"name":"Przywracamy \u015bwietno\u015b\u0107 rezerwatu przyrody Kruczy Kamie\u0144, PL"}]},{"@type":"WebSite","@id":"https:\/\/parnassius-apollo.life\/pl#website","url":"https:\/\/parnassius-apollo.life\/pl","name":"Parnassius apollo project LIFE Apollo2020","description":"Conservation of Parnassius apollo in Czechia, Poland and Austria","publisher":{"@id":"https:\/\/parnassius-apollo.life\/pl#organization"},"potentialAction":[{"@type":"SearchAction","target":{"@type":"EntryPoint","urlTemplate":"https:\/\/parnassius-apollo.life\/pl?s={search_term_string}"},"query-input":{"@type":"PropertyValueSpecification","valueRequired":true,"valueName":"search_term_string"}}],"inLanguage":"pl-PL"},{"@type":"Organization","@id":"https:\/\/parnassius-apollo.life\/pl#organization","name":"LIFE Apollo 2020","alternateName":"Parnassius Apollo LIFE Project","url":"https:\/\/parnassius-apollo.life\/pl","logo":{"@type":"ImageObject","inLanguage":"pl-PL","@id":"https:\/\/parnassius-apollo.life\/pl#\/schema\/logo\/image\/","url":"https:\/\/i0.wp.com\/parnassius-apollo.life\/wp-content\/uploads\/2022\/05\/LIFE_Apollo_Final-e1651506328254.png?fit=127%2C150&ssl=1","contentUrl":"https:\/\/i0.wp.com\/parnassius-apollo.life\/wp-content\/uploads\/2022\/05\/LIFE_Apollo_Final-e1651506328254.png?fit=127%2C150&ssl=1","width":127,"height":150,"caption":"LIFE Apollo 2020"},"image":{"@id":"https:\/\/parnassius-apollo.life\/pl#\/schema\/logo\/image\/"},"email":"info@apollo-2020.life","legalName":"Karkonoski Park Narodowy","numberOfEmployees":{"@type":"QuantitativeValue","minValue":"51","maxValue":"200"}},{"@type":"Person","@id":"https:\/\/parnassius-apollo.life\/pl#\/schema\/person\/d2f73fe23bd92f4b07851cd37077efa1","name":"Laura Rossberg","image":{"@type":"ImageObject","inLanguage":"pl-PL","@id":"https:\/\/secure.gravatar.com\/avatar\/bd7a654df2848050c46a6939ad761f51c6fdf63026ebade03e5fb26569e330af?s=96&d=mm&r=g","url":"https:\/\/secure.gravatar.com\/avatar\/bd7a654df2848050c46a6939ad761f51c6fdf63026ebade03e5fb26569e330af?s=96&d=mm&r=g","contentUrl":"https:\/\/secure.gravatar.com\/avatar\/bd7a654df2848050c46a6939ad761f51c6fdf63026ebade03e5fb26569e330af?s=96&d=mm&r=g","caption":"Laura Rossberg"},"url":"https:\/\/parnassius-apollo.life\/pl\/author\/laura-rossberg"}]}},"jetpack_publicize_connections":[],"jetpack_featured_media_url":"https:\/\/i0.wp.com\/parnassius-apollo.life\/wp-content\/uploads\/2024\/06\/Bildschirmfoto-2024-06-10-um-16.51.40-1.png?fit=1644%2C1200&ssl=1","jetpack_likes_enabled":true,"jetpack_sharing_enabled":true,"_links":{"self":[{"href":"https:\/\/parnassius-apollo.life\/pl\/wp-json\/wp\/v2\/posts\/8611","targetHints":{"allow":["GET"]}}],"collection":[{"href":"https:\/\/parnassius-apollo.life\/pl\/wp-json\/wp\/v2\/posts"}],"about":[{"href":"https:\/\/parnassius-apollo.life\/pl\/wp-json\/wp\/v2\/types\/post"}],"author":[{"embeddable":true,"href":"https:\/\/parnassius-apollo.life\/pl\/wp-json\/wp\/v2\/users\/33"}],"replies":[{"embeddable":true,"href":"https:\/\/parnassius-apollo.life\/pl\/wp-json\/wp\/v2\/comments?post=8611"}],"version-history":[{"count":0,"href":"https:\/\/parnassius-apollo.life\/pl\/wp-json\/wp\/v2\/posts\/8611\/revisions"}],"wp:featuredmedia":[{"embeddable":true,"href":"https:\/\/parnassius-apollo.life\/pl\/wp-json\/wp\/v2\/media\/8091"}],"wp:attachment":[{"href":"https:\/\/parnassius-apollo.life\/pl\/wp-json\/wp\/v2\/media?parent=8611"}],"wp:term":[{"taxonomy":"category","embeddable":true,"href":"https:\/\/parnassius-apollo.life\/pl\/wp-json\/wp\/v2\/categories?post=8611"},{"taxonomy":"post_tag","embeddable":true,"href":"https:\/\/parnassius-apollo.life\/pl\/wp-json\/wp\/v2\/tags?post=8611"}],"curies":[{"name":"wp","href":"https:\/\/api.w.org\/{rel}","templated":true}]}}