{"id":4975,"date":"2023-01-30T13:04:08","date_gmt":"2023-01-30T12:04:08","guid":{"rendered":"https:\/\/parnassius-apollo.life\/?p=4975"},"modified":"2023-03-09T10:38:35","modified_gmt":"2023-03-09T09:38:35","slug":"niepylak-apollo-zima","status":"publish","type":"post","link":"https:\/\/parnassius-apollo.life\/pl\/niepylak-apollo-zima","title":{"rendered":"NIEPYLAK APOLLO ZIM\u0104"},"content":{"rendered":"\n<h3 class=\"has-text-align-left wp-block-heading\" id=\"h-w-tym-artykule-poznasz-tajemnice-przetrwania-niepylaka-w-warunkach-zimowych\"><strong>W tym artykule poznasz tajemnice przetrwania niepylaka w warunkach zimowych<\/strong><\/h3>\n\n\n\n<p><\/p>\n\n\n\n<p><strong>Zima to d\u0142ugi okres, do kt\u00f3rego motyle przystosowuj\u0105 si\u0119 na wiele r\u00f3\u017cnych sposob\u00f3w. Cz\u0119\u015b\u0107 z nich zimuje w postaci doros\u0142ej, cz\u0119\u015b\u0107 podejmuje si\u0119 dalekiej migracji. Niekt\u00f3re, tak jak niepylak, zim\u0119 sp\u0119dzaj\u0105 w formie jajeczek.&nbsp;Poznaj\u0105c charakterystyk\u0119 cyklu niepylaka apollo, zorientujesz si\u0119 \u017ce nie ma on \u0142atwej drogi do pokonania do momentu nadej\u015bcia cieplejszych dni. Chc\u0105c zrozumie\u0107 biologi\u0119 naszego bohatera, poznajcie najd\u0142u\u017cszy okres z jego \u017cycia jakim jest zima. Zaczniemy od preludium czyli od powstawania jaj.<\/strong><\/p>\n\n\n\n<p>autor:  Krzysztof Kalemba<\/p>\n\n\n\n<h6 class=\"has-text-align-center has-medium-font-size wp-block-heading\" id=\"zanim-powstana-jajeczka\"><strong><span class=\"ghostkit-text-uppercase\"><span style=\"text-decoration: underline\">Zanim powstan\u0105 jajeczka&nbsp;<\/span><\/span><\/strong><\/h6>\n\n\n\n<p class=\"has-text-align-center\">Bardzo kr\u00f3tki okres lotu doros\u0142ych motyli to czas przeznaczony g\u0142\u00f3wnie na parowanie i sk\u0142adanie jajeczek. Jajeczka musz\u0105 by\u0107 zbudowane tak, aby zapewni\u0107 bezpieczne schronienie dla g\u0105sienic w zimowych warunkach.&nbsp;Przy kopulacji samica zostaje zabezpieczona chitynowym <strong>[1] <\/strong>tworzywem nazywanym <em>sfragis<\/em>.<\/p>\n\n\n\n<p class=\"has-text-align-center\">Samica ju\u017c po kilku dniach przyst\u0119puje do sk\u0142adania jaj, zdolna jest ich znie\u015b\u0107 nawet do 300 sztuk. Taka ilo\u015b\u0107 jajeczek zwi\u0119ksza szans\u0119 na odnalezienie przez larwy ro\u015bliny \u017cywicielskiej <strong>[2],<\/strong> jak\u0105 s\u0105 niekt\u00f3re gatunki rozchodnik\u00f3w (<em>Sedum<\/em>), rojnik\u00f3w (<em>Sempervivum<\/em>) i r\u00f3\u017ce\u0144c\u00f3w (<em>Rhodiola<\/em>).<\/p>\n\n\n\n<figure class=\"wp-block-image aligncenter size-large is-resized\"><img data-recalc-dims=\"1\" loading=\"lazy\" decoding=\"async\" src=\"https:\/\/i0.wp.com\/parnassius-apollo.life\/wp-content\/uploads\/2023\/01\/iNaturalist-banner.jpg?resize=800%2C336&#038;ssl=1\" alt=\"\" class=\"wp-image-4989\" width=\"800\" height=\"336\" \/><figcaption class=\"wp-element-caption\">Kopulacja niepylaka apollo (Parnassius apollo) fot.Roman R\u0105pa\u0142a<\/figcaption><\/figure>\n\n\n\n<h2 class=\"has-text-align-center has-medium-font-size wp-block-heading\" id=\"formowanie-zycia-i-przetrwanie\"><strong><span class=\"ghostkit-text-uppercase\"><span style=\"text-decoration: underline\">Formowanie \u017cycia i przetrwanie<\/span><\/span><\/strong><\/h2>\n\n\n\n<p class=\"has-text-align-center\">Zima i ch\u0142\u00f3d to dla wi\u0119kszo\u015bci niepylak\u00f3w ci\u0119\u017ckie warunki. Czas jaki g\u0105sienice sp\u0119dzaj\u0105 w jajeczkach to czas, kt\u00f3ry zawa\u017cy liczebnie na ich przysz\u0142ej populacji <strong>[3]<\/strong>.Warto zastanowi\u0107 si\u0119 co dzieje si\u0119 z jajami po z\u0142o\u017ceniu ich przez samic\u0119, jakie procesy odpowiadaj\u0105 za tak niezwyk\u0142e przemiany w przyrodzie?<\/p>\n\n\n\n<p class=\"has-text-align-center\">Jajeczka posiadaj\u0105 chitynow\u0105 warstw\u0119 chroni\u0105c\u0105 przysz\u0142e g\u0105sienice przed patogenami<strong> [4] <\/strong>i wilgoci\u0105. W ich sk\u0142ad wchodz\u0105 r\u00f3wnie\u017c rozmaite aminokwasy, bia\u0142ka i enzymy. Same jaja s\u0105 bardzo wytrzyma\u0142e ale pozwalaj\u0105 na dop\u0142yw powietrza do wewn\u0105trz,&nbsp;nie wszystkie wychodz\u0105 idealne i nie z wszystkich wykluj\u0105 si\u0119 g\u0105sieniczki. O tym zadecyduje jeszcze sporo czynnik\u00f3w.&nbsp;Ju\u017c w czwartym tygodniu po ich z\u0142o\u017ceniu, w jajeczkach pojawiaj\u0105 si\u0119 g\u0105sienice, ale przez dalsze osiem miesi\u0119cy b\u0119d\u0105 czeka\u0107 w u\u015bpieniu.&nbsp;Ca\u0142a gromada przez okres zimowych ch\u0142od\u00f3w, przeczeka do nadej\u015bcia wiosny.<\/p>\n\n\n\n<p><\/p>\n\n\n\n<figure class=\"wp-block-image aligncenter size-large is-resized is-style-default\"><img data-recalc-dims=\"1\" loading=\"lazy\" decoding=\"async\" src=\"https:\/\/i0.wp.com\/parnassius-apollo.life\/wp-content\/uploads\/2023\/01\/PSX_20230127_145826.jpg?resize=800%2C512&#038;ssl=1\" alt=\"\" class=\"wp-image-4993\" width=\"800\" height=\"512\" \/><figcaption class=\"wp-element-caption\">Jaja niepylaka Apollo (Parnassius apollo) fot. Max Rosenberg<\/figcaption><\/figure>\n\n\n\n<p class=\"has-text-align-center has-medium-font-size\"><strong><span class=\"ghostkit-text-uppercase\"><span style=\"text-decoration: underline\">Oczekiwanie i reakcja<\/span><\/span><\/strong><\/p>\n\n\n\n<p class=\"has-text-align-center\">W oczekiwaniu na czas wyj\u015bcia z jaja, g\u0105sienica do\u015bwiadcza wielu pr\u00f3b.<\/p>\n\n\n\n<p class=\"has-text-align-center\">Pierwsz\u0105 z nich jest przedwio\u015bnie &#8211; czas w kt\u00f3rym temperatury mog\u0105 okresowo wzrasta\u0107 na tyle, by da\u0107 fa\u0142szywy sygna\u0142 maluchom do pobudki. Taka sytuacja mo\u017ce zdarzy\u0107 si\u0119 jeszcze jesieni\u0105, kiedy d\u0142ugo utrzymuj\u0105 si\u0119 upa\u0142y i ciep\u0142e noce, a nawet zim\u0105 je\u015bli wyst\u0105pi nag\u0142e ocieplenie. Wystarczy, \u017ce noc\u0105 temperatury si\u0119 podnios\u0105, a poranne promienie s\u0142o\u0144ca ogrzej\u0105 jajeczka. Dla g\u0105sienic taka zmiana oznacza \u015bmier\u0107, na skutek powracaj\u0105cego zimna i braku po\u017cywienia. Du\u017ca liczba wyprodukowanych przez ka\u017cd\u0105 samic\u0119 jajeczek zwi\u0119ksza szanse na to, \u017ce cz\u0119\u015b\u0107 wykluje si\u0119 we w\u0142a\u015bciwym momencie. To jedno z wielu przystosowa\u0144 do warunk\u00f3w w kt\u00f3rych \u017cyje niepylak.<\/p>\n\n\n\n<p class=\"has-text-align-center\">Na prze\u0142omie zimy i wiosny nadchodzi w\u0142a\u015bciwy dla g\u0105sienic okres przebudzenia. W zale\u017cno\u015bci od regionu mo\u017ce by\u0107 on nieco przesuni\u0119ty w czasie, ale zazwyczaj jest to prze\u0142om marca i kwietnia. Mo\u017ce si\u0119 zdarzy\u0107 r\u00f3wnie\u017c tak, \u017ce zima si\u0119 przed\u0142u\u017cy i ocieplenie przyjdzie p\u00f3\u017aniej. W g\u00f3rach mamy jeszcze ch\u0142odne noce, ale czas nagli poniewa\u017c materia\u0142 od\u017cywczy wewn\u0105trz jajeczka si\u0119 ko\u0144czy. Kiedy przyjdzie pora, g\u0105sienice zaczn\u0105 po\u017cywia\u0107 si\u0119 \u015bciank\u0105 jaja i przegryz\u0105 jego otoczk\u0119. Nabior\u0105 wtedy si\u0142 i wystartuj\u0105 pr\u0119dko w poszukiwaniu ro\u015bliny \u017cywicielskiej.<\/p>\n\n\n\n<p class=\"has-text-align-center\">Doros\u0142e, wyposa\u017cone w skrzyd\u0142a niepylaki, nie nale\u017c\u0105 do specjalnie ruchliwych, za to ich g\u0105sienice s\u0105 bardzo szybkie.&nbsp;Je\u017celi te ma\u0142e g\u0105sieniczki w por\u0119 nie znajd\u0105 po\u017cywienia, nie przetrwaj\u0105. To kolejne przystosowanie zwi\u0119kszaj\u0105ce szanse na przetrwanie gatunku.<\/p>\n\n\n\n<figure class=\"wp-block-image aligncenter size-large is-resized\"><img data-recalc-dims=\"1\" loading=\"lazy\" decoding=\"async\" src=\"https:\/\/i0.wp.com\/parnassius-apollo.life\/wp-content\/uploads\/2023\/01\/13.jpg?resize=772%2C434&#038;ssl=1\" alt=\"\" class=\"wp-image-4985\" width=\"772\" height=\"434\" \/><figcaption class=\"wp-element-caption\">M\u0142ode g\u0105sienice niepylaka apollo (Parnassius apollo) po\u017cywiaj\u0105ce w si\u0119 p\u0119dami rozchodnika wielkiego (Sedum maximum) fot. KPN team<\/figcaption><\/figure>\n\n\n\n<p class=\"has-text-align-center\">Rok z \u017cycia niepylak\u00f3w to pr\u00f3by, szanse i wy\u015bcigi, pasmo sukces\u00f3w i pora\u017cek. Wszystko po to by zamkn\u0105\u0107 cykl i pozostawi\u0107 po sobie kolejne pokolenie. Tylko w taki spos\u00f3b mo\u017ce przetrwa\u0107 gatunek \u017cyj\u0105cy w surowym i coraz szybciej zmieniaj\u0105cym si\u0119 \u015bwiecie.<\/p>\n\n\n\n<p><\/p>\n\n\n\n<p><\/p>\n\n\n\n<p><strong>[1]- <\/strong>chityna &#8211; zwi\u0105zek chemiczny ( polisacharyd ) tworz\u0105cy wierzchni szkielet u cz\u0119\u015bci organizm\u00f3w wraz z bia\u0142kami, solami wapnia i magnezu pozyskiwanymi wraz z po\u017cywieniem w przypadku owad\u00f3w.<\/p>\n\n\n\n<p><strong>[2]-<\/strong> ro\u015blina \u017cywicielska &#8211; ro\u015blina kt\u00f3rej organizm potrzebuje do rozwoju w wi\u0119kszo\u015bci swojego cyklu rozwojowego.<\/p>\n\n\n\n<p><strong>[3]- <\/strong>populacja &#8211; grupa osobnik\u00f3w jednego gatunku zamieszkuj\u0105ca dany obszar w okre\u015blonym czasie.&nbsp;<\/p>\n\n\n\n<p><strong>[4]<\/strong>-patogeny- czynniki biologiczne wywo\u0142uj\u0105ce choroby u organizm\u00f3w \u017cywych, nale\u017c\u0105 do nich wirusy, bakterie, pierwotniaki&nbsp; i grzyby.<\/p>\n\n\n\n<p><\/p>\n\n\n\n<p><strong>\u0179r\u00f3d\u0142a pomocnicze : <\/strong><\/p>\n\n\n\n<p>Les Pages Entomogoliques d\u2019Andre Lequet.<\/p>\n\n\n\n<p>European Lepidoptera and their ecology: Parnassius apollo<\/p>\n\n\n\n<p><a href=\"http:\/\/www.pyrgus.de\/Parnassius_apollo_en.html\"><em>http:\/\/www.pyrgus.de\/Parnassius_apollo_en.html<\/em><\/a><\/p>\n\n\n\n<p>Butterflies in Benelux \/ Parnassius apollo&nbsp;<\/p>\n\n\n\n<p><a href=\"http:\/\/www.phagea.org\/Dagvlinders\/BinkMONOPAP\/Bink_Monograph_Papollo.htm\"><em>http:\/\/www.phagea.org\/Dagvlinders\/BinkMONOPAP\/Bink_Monograph_Papollo.htm<\/em><\/a><\/p>\n\n\n\n<p><strong>Warto zajrze\u0107 :<\/strong> <\/p>\n\n\n\n<p><a href=\"https:\/\/butterfly-conservation.org\/news-and-blog\/where-do-butterflies-and-moths-go-in-winter\"><em>https:\/\/butterfly-conservation.org\/news-and-blog\/where-do-butterflies-and-moths-go-in-winter<\/em><\/a><\/p>\n","protected":false},"excerpt":{"rendered":"<p>W tym artykule poznasz tajemnice przetrwania niepylaka w warunkach zimowych Zima to d\u0142ugi okres, do kt\u00f3rego motyle przystosowuj\u0105 si\u0119 na<\/p>\n","protected":false},"author":23,"featured_media":5008,"comment_status":"open","ping_status":"open","sticky":false,"template":"","format":"standard","meta":{"colormag_page_container_layout":"default_layout","colormag_page_sidebar_layout":"default_layout","ghostkit_customizer_options":"","ghostkit_custom_css":"","ghostkit_custom_js_head":"","ghostkit_custom_js_foot":"","ghostkit_typography":"","jetpack_post_was_ever_published":false,"_jetpack_newsletter_access":"","_jetpack_dont_email_post_to_subs":false,"_jetpack_newsletter_tier_id":0,"_jetpack_memberships_contains_paywalled_content":false,"_jetpack_memberships_contains_paid_content":false,"footnotes":"","jetpack_publicize_message":"","jetpack_publicize_feature_enabled":true,"jetpack_social_post_already_shared":true,"jetpack_social_options":{"image_generator_settings":{"template":"highway","default_image_id":0,"font":"","enabled":false},"version":2},"_wpas_customize_per_network":false},"categories":[37],"tags":[],"class_list":["post-4975","post","type-post","status-publish","format-standard","has-post-thumbnail","hentry","category-bez-kategorii"],"yoast_head":"<!-- This site is optimized with the Yoast SEO Premium plugin v27.4 (Yoast SEO v27.4) - https:\/\/yoast.com\/product\/yoast-seo-premium-wordpress\/ -->\n<title>NIEPYLAK APOLLO ZIM\u0104 - Parnassius apollo project LIFE Apollo2020<\/title>\n<meta name=\"robots\" content=\"index, follow, max-snippet:-1, max-image-preview:large, max-video-preview:-1\" \/>\n<link rel=\"canonical\" href=\"https:\/\/parnassius-apollo.life\/pl\/niepylak-apollo-zima\" \/>\n<meta property=\"og:locale\" content=\"pl_PL\" \/>\n<meta property=\"og:type\" content=\"article\" \/>\n<meta property=\"og:title\" content=\"NIEPYLAK APOLLO ZIM\u0104\" \/>\n<meta property=\"og:description\" content=\"W tym artykule poznasz tajemnice przetrwania niepylaka w warunkach zimowych Zima to d\u0142ugi okres, do kt\u00f3rego motyle przystosowuj\u0105 si\u0119 na\" \/>\n<meta property=\"og:url\" content=\"https:\/\/parnassius-apollo.life\/pl\/niepylak-apollo-zima\" \/>\n<meta property=\"og:site_name\" content=\"Parnassius apollo project LIFE Apollo2020\" \/>\n<meta property=\"article:published_time\" content=\"2023-01-30T12:04:08+00:00\" \/>\n<meta property=\"article:modified_time\" content=\"2023-03-09T09:38:35+00:00\" \/>\n<meta property=\"og:image\" content=\"https:\/\/parnassius-apollo.life\/wp-content\/uploads\/2023\/01\/IMG_20230130_112625.jpg\" \/>\n\t<meta property=\"og:image:width\" content=\"1600\" \/>\n\t<meta property=\"og:image:height\" content=\"1200\" \/>\n\t<meta property=\"og:image:type\" content=\"image\/jpeg\" \/>\n<meta name=\"author\" content=\"Krzysztof Kalemba\" \/>\n<meta name=\"twitter:card\" content=\"summary_large_image\" \/>\n<meta name=\"twitter:label1\" content=\"Napisane przez\" \/>\n\t<meta name=\"twitter:data1\" content=\"Krzysztof Kalemba\" \/>\n\t<meta name=\"twitter:label2\" content=\"Szacowany czas czytania\" \/>\n\t<meta name=\"twitter:data2\" content=\"4 minuty\" \/>\n<script type=\"application\/ld+json\" class=\"yoast-schema-graph\">{\"@context\":\"https:\\\/\\\/schema.org\",\"@graph\":[{\"@type\":\"Article\",\"@id\":\"https:\\\/\\\/parnassius-apollo.life\\\/pl\\\/niepylak-apollo-zima#article\",\"isPartOf\":{\"@id\":\"https:\\\/\\\/parnassius-apollo.life\\\/pl\\\/niepylak-apollo-zima\"},\"author\":{\"name\":\"Krzysztof Kalemba\",\"@id\":\"https:\\\/\\\/parnassius-apollo.life\\\/pl#\\\/schema\\\/person\\\/702244ecd6a5cd6aa07a3c95d415e6c8\"},\"headline\":\"NIEPYLAK APOLLO ZIM\u0104\",\"datePublished\":\"2023-01-30T12:04:08+00:00\",\"dateModified\":\"2023-03-09T09:38:35+00:00\",\"mainEntityOfPage\":{\"@id\":\"https:\\\/\\\/parnassius-apollo.life\\\/pl\\\/niepylak-apollo-zima\"},\"wordCount\":886,\"commentCount\":1,\"publisher\":{\"@id\":\"https:\\\/\\\/parnassius-apollo.life\\\/pl#organization\"},\"image\":{\"@id\":\"https:\\\/\\\/parnassius-apollo.life\\\/pl\\\/niepylak-apollo-zima#primaryimage\"},\"thumbnailUrl\":\"https:\\\/\\\/i0.wp.com\\\/parnassius-apollo.life\\\/wp-content\\\/uploads\\\/2023\\\/01\\\/IMG_20230130_112625.jpg?fit=1600%2C1200&ssl=1\",\"inLanguage\":\"pl-PL\",\"potentialAction\":[{\"@type\":\"CommentAction\",\"name\":\"Comment\",\"target\":[\"https:\\\/\\\/parnassius-apollo.life\\\/pl\\\/niepylak-apollo-zima#respond\"]}]},{\"@type\":\"WebPage\",\"@id\":\"https:\\\/\\\/parnassius-apollo.life\\\/pl\\\/niepylak-apollo-zima\",\"url\":\"https:\\\/\\\/parnassius-apollo.life\\\/pl\\\/niepylak-apollo-zima\",\"name\":\"NIEPYLAK APOLLO ZIM\u0104 - Parnassius apollo project LIFE Apollo2020\",\"isPartOf\":{\"@id\":\"https:\\\/\\\/parnassius-apollo.life\\\/pl#website\"},\"primaryImageOfPage\":{\"@id\":\"https:\\\/\\\/parnassius-apollo.life\\\/pl\\\/niepylak-apollo-zima#primaryimage\"},\"image\":{\"@id\":\"https:\\\/\\\/parnassius-apollo.life\\\/pl\\\/niepylak-apollo-zima#primaryimage\"},\"thumbnailUrl\":\"https:\\\/\\\/i0.wp.com\\\/parnassius-apollo.life\\\/wp-content\\\/uploads\\\/2023\\\/01\\\/IMG_20230130_112625.jpg?fit=1600%2C1200&ssl=1\",\"datePublished\":\"2023-01-30T12:04:08+00:00\",\"dateModified\":\"2023-03-09T09:38:35+00:00\",\"breadcrumb\":{\"@id\":\"https:\\\/\\\/parnassius-apollo.life\\\/pl\\\/niepylak-apollo-zima#breadcrumb\"},\"inLanguage\":\"pl-PL\",\"potentialAction\":[{\"@type\":\"ReadAction\",\"target\":[\"https:\\\/\\\/parnassius-apollo.life\\\/pl\\\/niepylak-apollo-zima\"]}]},{\"@type\":\"ImageObject\",\"inLanguage\":\"pl-PL\",\"@id\":\"https:\\\/\\\/parnassius-apollo.life\\\/pl\\\/niepylak-apollo-zima#primaryimage\",\"url\":\"https:\\\/\\\/i0.wp.com\\\/parnassius-apollo.life\\\/wp-content\\\/uploads\\\/2023\\\/01\\\/IMG_20230130_112625.jpg?fit=1600%2C1200&ssl=1\",\"contentUrl\":\"https:\\\/\\\/i0.wp.com\\\/parnassius-apollo.life\\\/wp-content\\\/uploads\\\/2023\\\/01\\\/IMG_20230130_112625.jpg?fit=1600%2C1200&ssl=1\",\"width\":1600,\"height\":1200},{\"@type\":\"BreadcrumbList\",\"@id\":\"https:\\\/\\\/parnassius-apollo.life\\\/pl\\\/niepylak-apollo-zima#breadcrumb\",\"itemListElement\":[{\"@type\":\"ListItem\",\"position\":1,\"name\":\"Home\",\"item\":\"https:\\\/\\\/parnassius-apollo.life\\\/pl\"},{\"@type\":\"ListItem\",\"position\":2,\"name\":\"NIEPYLAK APOLLO ZIM\u0104\"}]},{\"@type\":\"WebSite\",\"@id\":\"https:\\\/\\\/parnassius-apollo.life\\\/pl#website\",\"url\":\"https:\\\/\\\/parnassius-apollo.life\\\/pl\",\"name\":\"Parnassius apollo project LIFE Apollo2020\",\"description\":\"Conservation of Parnassius apollo in Czechia, Poland and Austria\",\"publisher\":{\"@id\":\"https:\\\/\\\/parnassius-apollo.life\\\/pl#organization\"},\"potentialAction\":[{\"@type\":\"SearchAction\",\"target\":{\"@type\":\"EntryPoint\",\"urlTemplate\":\"https:\\\/\\\/parnassius-apollo.life\\\/pl?s={search_term_string}\"},\"query-input\":{\"@type\":\"PropertyValueSpecification\",\"valueRequired\":true,\"valueName\":\"search_term_string\"}}],\"inLanguage\":\"pl-PL\"},{\"@type\":\"Organization\",\"@id\":\"https:\\\/\\\/parnassius-apollo.life\\\/pl#organization\",\"name\":\"LIFE Apollo 2020\",\"alternateName\":\"Parnassius Apollo LIFE Project\",\"url\":\"https:\\\/\\\/parnassius-apollo.life\\\/pl\",\"logo\":{\"@type\":\"ImageObject\",\"inLanguage\":\"pl-PL\",\"@id\":\"https:\\\/\\\/parnassius-apollo.life\\\/pl#\\\/schema\\\/logo\\\/image\\\/\",\"url\":\"https:\\\/\\\/i0.wp.com\\\/parnassius-apollo.life\\\/wp-content\\\/uploads\\\/2022\\\/05\\\/LIFE_Apollo_Final-e1651506328254.png?fit=127%2C150&ssl=1\",\"contentUrl\":\"https:\\\/\\\/i0.wp.com\\\/parnassius-apollo.life\\\/wp-content\\\/uploads\\\/2022\\\/05\\\/LIFE_Apollo_Final-e1651506328254.png?fit=127%2C150&ssl=1\",\"width\":127,\"height\":150,\"caption\":\"LIFE Apollo 2020\"},\"image\":{\"@id\":\"https:\\\/\\\/parnassius-apollo.life\\\/pl#\\\/schema\\\/logo\\\/image\\\/\"},\"email\":\"info@apollo-2020.life\",\"legalName\":\"Karkonoski Park Narodowy\",\"numberOfEmployees\":{\"@type\":\"QuantitativeValue\",\"minValue\":\"51\",\"maxValue\":\"200\"}},{\"@type\":\"Person\",\"@id\":\"https:\\\/\\\/parnassius-apollo.life\\\/pl#\\\/schema\\\/person\\\/702244ecd6a5cd6aa07a3c95d415e6c8\",\"name\":\"Krzysztof Kalemba\",\"image\":{\"@type\":\"ImageObject\",\"inLanguage\":\"pl-PL\",\"@id\":\"https:\\\/\\\/secure.gravatar.com\\\/avatar\\\/39e2e24924d307e5b6557ca7d9b3a7895f9de65affd1608b1f8e21f13671c662?s=96&d=mm&r=g\",\"url\":\"https:\\\/\\\/secure.gravatar.com\\\/avatar\\\/39e2e24924d307e5b6557ca7d9b3a7895f9de65affd1608b1f8e21f13671c662?s=96&d=mm&r=g\",\"contentUrl\":\"https:\\\/\\\/secure.gravatar.com\\\/avatar\\\/39e2e24924d307e5b6557ca7d9b3a7895f9de65affd1608b1f8e21f13671c662?s=96&d=mm&r=g\",\"caption\":\"Krzysztof Kalemba\"},\"url\":\"https:\\\/\\\/parnassius-apollo.life\\\/pl\\\/author\\\/krzysztof\"}]}<\/script>\n<!-- \/ Yoast SEO Premium plugin. -->","yoast_head_json":{"title":"NIEPYLAK APOLLO ZIM\u0104 - Parnassius apollo project LIFE Apollo2020","robots":{"index":"index","follow":"follow","max-snippet":"max-snippet:-1","max-image-preview":"max-image-preview:large","max-video-preview":"max-video-preview:-1"},"canonical":"https:\/\/parnassius-apollo.life\/pl\/niepylak-apollo-zima","og_locale":"pl_PL","og_type":"article","og_title":"NIEPYLAK APOLLO ZIM\u0104","og_description":"W tym artykule poznasz tajemnice przetrwania niepylaka w warunkach zimowych Zima to d\u0142ugi okres, do kt\u00f3rego motyle przystosowuj\u0105 si\u0119 na","og_url":"https:\/\/parnassius-apollo.life\/pl\/niepylak-apollo-zima","og_site_name":"Parnassius apollo project LIFE Apollo2020","article_published_time":"2023-01-30T12:04:08+00:00","article_modified_time":"2023-03-09T09:38:35+00:00","og_image":[{"width":1600,"height":1200,"url":"https:\/\/parnassius-apollo.life\/wp-content\/uploads\/2023\/01\/IMG_20230130_112625.jpg","type":"image\/jpeg"}],"author":"Krzysztof Kalemba","twitter_card":"summary_large_image","twitter_misc":{"Napisane przez":"Krzysztof Kalemba","Szacowany czas czytania":"4 minuty"},"schema":{"@context":"https:\/\/schema.org","@graph":[{"@type":"Article","@id":"https:\/\/parnassius-apollo.life\/pl\/niepylak-apollo-zima#article","isPartOf":{"@id":"https:\/\/parnassius-apollo.life\/pl\/niepylak-apollo-zima"},"author":{"name":"Krzysztof Kalemba","@id":"https:\/\/parnassius-apollo.life\/pl#\/schema\/person\/702244ecd6a5cd6aa07a3c95d415e6c8"},"headline":"NIEPYLAK APOLLO ZIM\u0104","datePublished":"2023-01-30T12:04:08+00:00","dateModified":"2023-03-09T09:38:35+00:00","mainEntityOfPage":{"@id":"https:\/\/parnassius-apollo.life\/pl\/niepylak-apollo-zima"},"wordCount":886,"commentCount":1,"publisher":{"@id":"https:\/\/parnassius-apollo.life\/pl#organization"},"image":{"@id":"https:\/\/parnassius-apollo.life\/pl\/niepylak-apollo-zima#primaryimage"},"thumbnailUrl":"https:\/\/i0.wp.com\/parnassius-apollo.life\/wp-content\/uploads\/2023\/01\/IMG_20230130_112625.jpg?fit=1600%2C1200&ssl=1","inLanguage":"pl-PL","potentialAction":[{"@type":"CommentAction","name":"Comment","target":["https:\/\/parnassius-apollo.life\/pl\/niepylak-apollo-zima#respond"]}]},{"@type":"WebPage","@id":"https:\/\/parnassius-apollo.life\/pl\/niepylak-apollo-zima","url":"https:\/\/parnassius-apollo.life\/pl\/niepylak-apollo-zima","name":"NIEPYLAK APOLLO ZIM\u0104 - Parnassius apollo project LIFE Apollo2020","isPartOf":{"@id":"https:\/\/parnassius-apollo.life\/pl#website"},"primaryImageOfPage":{"@id":"https:\/\/parnassius-apollo.life\/pl\/niepylak-apollo-zima#primaryimage"},"image":{"@id":"https:\/\/parnassius-apollo.life\/pl\/niepylak-apollo-zima#primaryimage"},"thumbnailUrl":"https:\/\/i0.wp.com\/parnassius-apollo.life\/wp-content\/uploads\/2023\/01\/IMG_20230130_112625.jpg?fit=1600%2C1200&ssl=1","datePublished":"2023-01-30T12:04:08+00:00","dateModified":"2023-03-09T09:38:35+00:00","breadcrumb":{"@id":"https:\/\/parnassius-apollo.life\/pl\/niepylak-apollo-zima#breadcrumb"},"inLanguage":"pl-PL","potentialAction":[{"@type":"ReadAction","target":["https:\/\/parnassius-apollo.life\/pl\/niepylak-apollo-zima"]}]},{"@type":"ImageObject","inLanguage":"pl-PL","@id":"https:\/\/parnassius-apollo.life\/pl\/niepylak-apollo-zima#primaryimage","url":"https:\/\/i0.wp.com\/parnassius-apollo.life\/wp-content\/uploads\/2023\/01\/IMG_20230130_112625.jpg?fit=1600%2C1200&ssl=1","contentUrl":"https:\/\/i0.wp.com\/parnassius-apollo.life\/wp-content\/uploads\/2023\/01\/IMG_20230130_112625.jpg?fit=1600%2C1200&ssl=1","width":1600,"height":1200},{"@type":"BreadcrumbList","@id":"https:\/\/parnassius-apollo.life\/pl\/niepylak-apollo-zima#breadcrumb","itemListElement":[{"@type":"ListItem","position":1,"name":"Home","item":"https:\/\/parnassius-apollo.life\/pl"},{"@type":"ListItem","position":2,"name":"NIEPYLAK APOLLO ZIM\u0104"}]},{"@type":"WebSite","@id":"https:\/\/parnassius-apollo.life\/pl#website","url":"https:\/\/parnassius-apollo.life\/pl","name":"Parnassius apollo project LIFE Apollo2020","description":"Conservation of Parnassius apollo in Czechia, Poland and Austria","publisher":{"@id":"https:\/\/parnassius-apollo.life\/pl#organization"},"potentialAction":[{"@type":"SearchAction","target":{"@type":"EntryPoint","urlTemplate":"https:\/\/parnassius-apollo.life\/pl?s={search_term_string}"},"query-input":{"@type":"PropertyValueSpecification","valueRequired":true,"valueName":"search_term_string"}}],"inLanguage":"pl-PL"},{"@type":"Organization","@id":"https:\/\/parnassius-apollo.life\/pl#organization","name":"LIFE Apollo 2020","alternateName":"Parnassius Apollo LIFE Project","url":"https:\/\/parnassius-apollo.life\/pl","logo":{"@type":"ImageObject","inLanguage":"pl-PL","@id":"https:\/\/parnassius-apollo.life\/pl#\/schema\/logo\/image\/","url":"https:\/\/i0.wp.com\/parnassius-apollo.life\/wp-content\/uploads\/2022\/05\/LIFE_Apollo_Final-e1651506328254.png?fit=127%2C150&ssl=1","contentUrl":"https:\/\/i0.wp.com\/parnassius-apollo.life\/wp-content\/uploads\/2022\/05\/LIFE_Apollo_Final-e1651506328254.png?fit=127%2C150&ssl=1","width":127,"height":150,"caption":"LIFE Apollo 2020"},"image":{"@id":"https:\/\/parnassius-apollo.life\/pl#\/schema\/logo\/image\/"},"email":"info@apollo-2020.life","legalName":"Karkonoski Park Narodowy","numberOfEmployees":{"@type":"QuantitativeValue","minValue":"51","maxValue":"200"}},{"@type":"Person","@id":"https:\/\/parnassius-apollo.life\/pl#\/schema\/person\/702244ecd6a5cd6aa07a3c95d415e6c8","name":"Krzysztof Kalemba","image":{"@type":"ImageObject","inLanguage":"pl-PL","@id":"https:\/\/secure.gravatar.com\/avatar\/39e2e24924d307e5b6557ca7d9b3a7895f9de65affd1608b1f8e21f13671c662?s=96&d=mm&r=g","url":"https:\/\/secure.gravatar.com\/avatar\/39e2e24924d307e5b6557ca7d9b3a7895f9de65affd1608b1f8e21f13671c662?s=96&d=mm&r=g","contentUrl":"https:\/\/secure.gravatar.com\/avatar\/39e2e24924d307e5b6557ca7d9b3a7895f9de65affd1608b1f8e21f13671c662?s=96&d=mm&r=g","caption":"Krzysztof Kalemba"},"url":"https:\/\/parnassius-apollo.life\/pl\/author\/krzysztof"}]}},"jetpack_publicize_connections":[],"jetpack_featured_media_url":"https:\/\/i0.wp.com\/parnassius-apollo.life\/wp-content\/uploads\/2023\/01\/IMG_20230130_112625.jpg?fit=1600%2C1200&ssl=1","jetpack_likes_enabled":true,"jetpack_sharing_enabled":true,"_links":{"self":[{"href":"https:\/\/parnassius-apollo.life\/pl\/wp-json\/wp\/v2\/posts\/4975","targetHints":{"allow":["GET"]}}],"collection":[{"href":"https:\/\/parnassius-apollo.life\/pl\/wp-json\/wp\/v2\/posts"}],"about":[{"href":"https:\/\/parnassius-apollo.life\/pl\/wp-json\/wp\/v2\/types\/post"}],"author":[{"embeddable":true,"href":"https:\/\/parnassius-apollo.life\/pl\/wp-json\/wp\/v2\/users\/23"}],"replies":[{"embeddable":true,"href":"https:\/\/parnassius-apollo.life\/pl\/wp-json\/wp\/v2\/comments?post=4975"}],"version-history":[{"count":0,"href":"https:\/\/parnassius-apollo.life\/pl\/wp-json\/wp\/v2\/posts\/4975\/revisions"}],"wp:featuredmedia":[{"embeddable":true,"href":"https:\/\/parnassius-apollo.life\/pl\/wp-json\/wp\/v2\/media\/5008"}],"wp:attachment":[{"href":"https:\/\/parnassius-apollo.life\/pl\/wp-json\/wp\/v2\/media?parent=4975"}],"wp:term":[{"taxonomy":"category","embeddable":true,"href":"https:\/\/parnassius-apollo.life\/pl\/wp-json\/wp\/v2\/categories?post=4975"},{"taxonomy":"post_tag","embeddable":true,"href":"https:\/\/parnassius-apollo.life\/pl\/wp-json\/wp\/v2\/tags?post=4975"}],"curies":[{"name":"wp","href":"https:\/\/api.w.org\/{rel}","templated":true}]}}