{"id":9247,"date":"2025-02-10T11:37:24","date_gmt":"2025-02-10T10:37:24","guid":{"rendered":"https:\/\/parnassius-apollo.life\/wie-parnassius-apollo-und-andere-schmetterlinge-den-klimawandel-bewaeltigen"},"modified":"2025-02-10T11:37:30","modified_gmt":"2025-02-10T10:37:30","slug":"wie-parnassius-apollo-und-andere-schmetterlinge-den-klimawandel-bewaeltigen","status":"publish","type":"post","link":"https:\/\/parnassius-apollo.life\/de\/wie-parnassius-apollo-und-andere-schmetterlinge-den-klimawandel-bewaeltigen","title":{"rendered":"Wie Parnassius Apollo und andere Schmetterlinge den Klimawandel bew\u00e4ltigen"},"content":{"rendered":"\n<p>Der Klimawandel ist eine der gr\u00f6\u00dften Herausforderungen unseres Jahrhunderts. Zusammen mit der Zerst\u00f6rung von Lebensr\u00e4umen sind sie die Hauptursachen f\u00fcr die globale Krise der Artenvielfalt. Es gibt mehr Arten, die vom Aussterben bedroht sind als je zuvor. Viele Studien zeigen, dass Schmetterlinge zu den Arten geh\u00f6ren, die am st\u00e4rksten auf den Klimawandel reagieren, in der Regel in Form von Verschiebungen des Verbreitungsgebiets nach Norden oder in die H\u00f6he. Der Klimawandel wirkt sich auf ihre Lebenszyklen, Flugzeiten, wichtige Interaktionen und letztlich auf ihr \u00dcberleben aus.      <\/p>\n\n<p>Parnassius apollo ist ein exemplarischer Fall f\u00fcr diese <a href=\"https:\/\/hal.archives-ouvertes.fr\/hal-02323624\/document\">Herausforderungen<\/a>. Seit der ersten H\u00e4lfte des zwanzigsten Jahrhunderts sind die Populationen von P. apollo in mehreren europ\u00e4ischen L\u00e4ndern zur\u00fcckgegangen und selten geworden oder ausgestorben. Die Hauptursachen f\u00fcr einen solchen R\u00fcckgang sind anthropogener Natur, wie z.B. unzureichende Bewirtschaftung, Umweltverschmutzung, Tourismus, Sammeln oder Lebensraumverlust. Aber auch die Empfindlichkeit der Art gegen\u00fcber Lebensraumver\u00e4nderungen und dem Klimawandel spielt eine entscheidende Rolle.     <\/p>\n\n<h3 class=\"wp-block-heading\">Sensible Metamorphose<\/h3>\n\n<p>Schmetterlinge durchlaufen w\u00e4hrend ihres Lebenszyklus eine Reihe von schnellen und dramatischen Verwandlungen. Diese Metamorphose reagiert empfindlich auf klimatische Ver\u00e4nderungen, da die Verwandlung von einem Stadium zum n\u00e4chsten synchron mit den Rhythmen der Natur verl\u00e4uft und vielen anderen nat\u00fcrlichen Zyklen \u00e4hnelt. Viele Schmetterlinge sind besonders empfindlich gegen\u00fcber warmen Umgebungen. So ist ein geringer, f\u00fcr den Menschen nicht wahrnehmbarer Temperaturanstieg f\u00fcr Schmetterlinge von entscheidender Bedeutung. Er hat neue Muster in ihrem Metamorphoseprozess ausgel\u00f6st und die Kreaturen sogar aus ihren heimischen Lebensr\u00e4umen vertrieben.    <\/p>\n\n<p>Eine der M\u00f6glichkeiten der Anpassung von Arten ist die \u00c4nderung der Jahreszeit, zu der sie aktiv sind. Ein solches Timing der Ereignisse im Lebenszyklus wird als &#8222;Ph\u00e4nologie&#8220; bezeichnet. Wenn Arten also fr\u00fcher im Jahr aktiv werden, spricht man von einer &#8222;fortschreitenden Ph\u00e4nologie&#8220;. Bei einer Vielzahl von Schmetterlingen und Nachtfaltern wurden solche Fortschritte in gewissem Umfang beobachtet.  <\/p>\n\n<p><a href=\"https:\/\/www.nature.com\/articles\/s41467-019-12479-w\" target=\"_blank\" rel=\"noreferrer noopener\">Studien<\/a> zeigen, dass Arten mit flexibleren Lebenszyklen eher von einem fr\u00fcheren Auftauchen aufgrund des Klimawandels profitieren k\u00f6nnen. Einige Arten sind in der Lage, sich zweimal oder \u00f6fter pro Jahr von der Raupe zum Schmetterling zu entwickeln, so dass ein Populationswachstum stattfinden kann. Es gibt jedoch auch andere Arten, die weniger flexibel sind und sich auf einen einzigen Fortpflanzungszyklus pro Jahr beschr\u00e4nken. Sie haben keinen Vorteil davon, fr\u00fcher zu schl\u00fcpfen. Au\u00dferdem werden Arten, die sich auf einen bestimmten Lebensraumtyp spezialisiert haben, durch eine fortschreitende Ph\u00e4nologie eher gesch\u00e4digt.    <\/p>\n\n<h3 class=\"wp-block-heading\">Schmetterlinge auf dem Vormarsch<\/h3>\n\n<p>Als Folge der Klimaerw\u00e4rmung sind einheimische Schmetterlinge auf der ganzen Welt auf dem Vormarsch. Sie verlassen ihre Heimat und gehen an Orte mit k\u00fchleren Temperaturen. Lange Wanderungen bergen eine Menge Gefahren. Manchmal machen die Hindernisse auf einem Weg einen Umzug unm\u00f6glich, was uns zu der Rolle des Menschen im Leben der Schmetterlinge bringt. Die Zerst\u00fcckelung des Lebensraums durch die Landentwicklung in Verbindung mit dem Klimawandel bedroht das \u00dcberleben der Schmetterlinge, da sie keine sicheren Zwischenstationen mehr finden, an denen sie sich ausruhen und ihre Energie auff\u00fcllen k\u00f6nnen.    <\/p>\n\n<p>Diese Migration ist besonders in Bergregionen zu beobachten. So zeigen <a href=\"https:\/\/www.nature.com\/articles\/s41598-021-93826-0#Sec1\" target=\"_blank\" rel=\"noreferrer noopener\">Studien<\/a>, dass sich die Verbreitung von Schmetterlingen in den Ostalpen deutlich und kontinuierlich in h\u00f6here Lagen verlagert. Da diese Ver\u00e4nderungen von Art zu Art unterschiedlich sind, k\u00f6nnten sie zu schwerwiegenden Ver\u00e4nderungen der Lebensgemeinschaften mit m\u00f6glichen Auswirkungen auf die Interaktionen und den Wettbewerb der Arten f\u00fchren. Besonders besorgniserregend sind Arten mit geringer Ausbreitungsneigung, da sie in der Regel \u00fcber viele Generationen in einem Lebensraum verbleiben.     <\/p>\n\n<p>Die Populationen von Parnassius apollo sind klein und isoliert und ihre Verbreitung ist auf Gebirgsz\u00fcge beschr\u00e4nkt. Der globale Klimawandel ver\u00e4ndert die Struktur ihrer Lebensr\u00e4ume und f\u00fchrt dazu, dass sich Pflanzenarten in Richtung der Berggipfel bewegen. Das ver\u00e4ndert die biotischen Interaktionen zwischen Insekten und Pflanzen. Der Klimawandel wirkt sich auch direkt auf die Verteilung der Arten aus, wobei sich die H\u00f6henverteilung der Parnassius-Arten in den Bergen nach oben verschiebt. Doch Gebirgsz\u00fcge sind endlich und selbst die h\u00f6chsten Berge stellen f\u00fcr Parnassius \u00f6kologische und evolution\u00e4re Grenzen dar.    <\/p>\n\n<h3 class=\"wp-block-heading\">Eine Art sch\u00fctzen, um alle anderen zu sch\u00fctzen<\/h3>\n\n<p>Mit dem fortschreitenden Klimawandel werden Schmetterlinge m\u00f6glicherweise nicht mehr mit uns leben k\u00f6nnen. Durch unseren r\u00fccksichtslosen Umgang mit ihren Lebensr\u00e4umen k\u00f6nnen wir diese fr\u00f6hlichen und sch\u00f6nen Gesch\u00f6pfe verlieren. Doch der Schutz der Schmetterlinge vor dem Klimawandel ist nicht nur um ihrer Sch\u00f6nheit willen wichtig. Schmetterlinge spielen eine wichtige Rolle in unseren \u00d6kosystemen. Ihre Raupen verzehren gro\u00dfe Mengen an Pflanzen und dienen als Beute f\u00fcr andere Arten. Sie fungieren auch als Best\u00e4uber einer Vielzahl von Pflanzenarten. Die Vernichtung von Schmetterlingen k\u00f6nnte zu unvorhersehbaren kumulativen Auswirkungen auf andere Arten im \u00d6kosystem f\u00fchren.        <\/p>\n\n<p><em>Parnassius apollo<\/em> fungiert als Schirmart f\u00fcr den Schutz der Artenvielfalt auf der Ebene der \u00d6kosysteme und der Lebensraummosaike. Durch den Schutz der Art selbst werden auch andere Arten und Lebensr\u00e4ume, die mit ihr verbunden sind, gesch\u00fctzt.  <\/p>\n","protected":false},"excerpt":{"rendered":"<p>Der Klimawandel ist eine der gr\u00f6\u00dften Herausforderungen unseres Jahrhunderts. Zusammen mit der Zerst\u00f6rung von Lebensr\u00e4umen sind sie die Hauptursachen f\u00fcr<\/p>\n","protected":false},"author":33,"featured_media":546,"comment_status":"open","ping_status":"open","sticky":false,"template":"","format":"standard","meta":{"colormag_page_container_layout":"default_layout","colormag_page_sidebar_layout":"default_layout","ghostkit_customizer_options":"","ghostkit_custom_css":"","ghostkit_custom_js_head":"","ghostkit_custom_js_foot":"","ghostkit_typography":"","jetpack_post_was_ever_published":false,"_jetpack_newsletter_access":"","_jetpack_dont_email_post_to_subs":false,"_jetpack_newsletter_tier_id":0,"_jetpack_memberships_contains_paywalled_content":false,"_jetpack_memberships_contains_paid_content":false,"footnotes":"","jetpack_publicize_message":"","jetpack_publicize_feature_enabled":true,"jetpack_social_post_already_shared":true,"jetpack_social_options":{"image_generator_settings":{"template":"highway","default_image_id":0,"font":"","enabled":false},"version":2},"_wpas_customize_per_network":false},"categories":[251],"tags":[358,282,269],"class_list":["post-9247","post","type-post","status-publish","format-standard","has-post-thumbnail","hentry","category-schmetterlinge-fur-anfanger","tag-biodiversitatsverlust","tag-klimawandel","tag-parnassius-apollo-de"],"yoast_head":"<!-- This site is optimized with the Yoast SEO Premium plugin v27.4 (Yoast SEO v27.4) - https:\/\/yoast.com\/product\/yoast-seo-premium-wordpress\/ -->\n<title>Wie Parnassius Apollo und andere Schmetterlinge den Klimawandel bew\u00e4ltigen - Parnassius apollo project LIFE Apollo2020<\/title>\n<meta name=\"description\" content=\"Der Klimawandel bedroht die weltweite Artenvielfalt, einschlie\u00dflich der Schmetterlinge. Parnassius apollo ist ein Beispiel f\u00fcr die Herausforderungen, denen sich Schmetterlinge stellen m\u00fcssen.\" \/>\n<meta name=\"robots\" content=\"index, follow, max-snippet:-1, max-image-preview:large, max-video-preview:-1\" \/>\n<link rel=\"canonical\" href=\"https:\/\/parnassius-apollo.life\/de\/wie-parnassius-apollo-und-andere-schmetterlinge-den-klimawandel-bewaeltigen\" \/>\n<meta property=\"og:locale\" content=\"de_DE\" \/>\n<meta property=\"og:type\" content=\"article\" \/>\n<meta property=\"og:title\" content=\"Wie Parnassius Apollo und andere Schmetterlinge den Klimawandel bew\u00e4ltigen\" \/>\n<meta property=\"og:description\" content=\"Der Klimawandel bedroht die weltweite Artenvielfalt, einschlie\u00dflich der Schmetterlinge. Parnassius apollo ist ein Beispiel f\u00fcr die Herausforderungen, denen sich Schmetterlinge stellen m\u00fcssen.\" \/>\n<meta property=\"og:url\" content=\"https:\/\/parnassius-apollo.life\/de\/wie-parnassius-apollo-und-andere-schmetterlinge-den-klimawandel-bewaeltigen\" \/>\n<meta property=\"og:site_name\" content=\"Parnassius apollo project LIFE Apollo2020\" \/>\n<meta property=\"article:published_time\" content=\"2025-02-10T10:37:24+00:00\" \/>\n<meta property=\"article:modified_time\" content=\"2025-02-10T10:37:30+00:00\" \/>\n<meta property=\"og:image\" content=\"https:\/\/i0.wp.com\/parnassius-apollo.life\/wp-content\/uploads\/2022\/02\/Parnassius-apollo-L.-juvavus-ma-Karteis-2015-33336.jpg?fit=1562%2C1200&ssl=1\" \/>\n\t<meta property=\"og:image:width\" content=\"1562\" \/>\n\t<meta property=\"og:image:height\" content=\"1200\" \/>\n\t<meta property=\"og:image:type\" content=\"image\/jpeg\" \/>\n<meta name=\"author\" content=\"Laura Rossberg\" \/>\n<meta name=\"twitter:card\" content=\"summary_large_image\" \/>\n<meta name=\"twitter:label1\" content=\"Verfasst von\" \/>\n\t<meta name=\"twitter:data1\" content=\"Laura Rossberg\" \/>\n\t<meta name=\"twitter:label2\" content=\"Gesch\u00e4tzte Lesezeit\" \/>\n\t<meta name=\"twitter:data2\" content=\"4\u00a0Minuten\" \/>\n<script type=\"application\/ld+json\" class=\"yoast-schema-graph\">{\"@context\":\"https:\\\/\\\/schema.org\",\"@graph\":[{\"@type\":\"Article\",\"@id\":\"https:\\\/\\\/parnassius-apollo.life\\\/de\\\/wie-parnassius-apollo-und-andere-schmetterlinge-den-klimawandel-bewaeltigen#article\",\"isPartOf\":{\"@id\":\"https:\\\/\\\/parnassius-apollo.life\\\/de\\\/wie-parnassius-apollo-und-andere-schmetterlinge-den-klimawandel-bewaeltigen\"},\"author\":{\"name\":\"Laura Rossberg\",\"@id\":\"https:\\\/\\\/parnassius-apollo.life\\\/de#\\\/schema\\\/person\\\/d2f73fe23bd92f4b07851cd37077efa1\"},\"headline\":\"Wie Parnassius Apollo und andere Schmetterlinge den Klimawandel bew\u00e4ltigen\",\"datePublished\":\"2025-02-10T10:37:24+00:00\",\"dateModified\":\"2025-02-10T10:37:30+00:00\",\"mainEntityOfPage\":{\"@id\":\"https:\\\/\\\/parnassius-apollo.life\\\/de\\\/wie-parnassius-apollo-und-andere-schmetterlinge-den-klimawandel-bewaeltigen\"},\"wordCount\":848,\"commentCount\":0,\"publisher\":{\"@id\":\"https:\\\/\\\/parnassius-apollo.life\\\/de#organization\"},\"image\":{\"@id\":\"https:\\\/\\\/parnassius-apollo.life\\\/de\\\/wie-parnassius-apollo-und-andere-schmetterlinge-den-klimawandel-bewaeltigen#primaryimage\"},\"thumbnailUrl\":\"https:\\\/\\\/i0.wp.com\\\/parnassius-apollo.life\\\/wp-content\\\/uploads\\\/2022\\\/02\\\/Parnassius-apollo-L.-juvavus-ma-Karteis-2015-33336.jpg?fit=1562%2C1200&ssl=1\",\"keywords\":[\"Biodiversit\u00e4tsverlust\",\"Klimawandel\",\"Parnassius Apollo\"],\"articleSection\":[\"Schmetterlinge f\u00fcr Anf\u00e4nger\"],\"inLanguage\":\"de\",\"potentialAction\":[{\"@type\":\"CommentAction\",\"name\":\"Comment\",\"target\":[\"https:\\\/\\\/parnassius-apollo.life\\\/de\\\/wie-parnassius-apollo-und-andere-schmetterlinge-den-klimawandel-bewaeltigen#respond\"]}]},{\"@type\":\"WebPage\",\"@id\":\"https:\\\/\\\/parnassius-apollo.life\\\/de\\\/wie-parnassius-apollo-und-andere-schmetterlinge-den-klimawandel-bewaeltigen\",\"url\":\"https:\\\/\\\/parnassius-apollo.life\\\/de\\\/wie-parnassius-apollo-und-andere-schmetterlinge-den-klimawandel-bewaeltigen\",\"name\":\"Wie Parnassius Apollo und andere Schmetterlinge den Klimawandel bew\u00e4ltigen - Parnassius apollo project LIFE Apollo2020\",\"isPartOf\":{\"@id\":\"https:\\\/\\\/parnassius-apollo.life\\\/de#website\"},\"primaryImageOfPage\":{\"@id\":\"https:\\\/\\\/parnassius-apollo.life\\\/de\\\/wie-parnassius-apollo-und-andere-schmetterlinge-den-klimawandel-bewaeltigen#primaryimage\"},\"image\":{\"@id\":\"https:\\\/\\\/parnassius-apollo.life\\\/de\\\/wie-parnassius-apollo-und-andere-schmetterlinge-den-klimawandel-bewaeltigen#primaryimage\"},\"thumbnailUrl\":\"https:\\\/\\\/i0.wp.com\\\/parnassius-apollo.life\\\/wp-content\\\/uploads\\\/2022\\\/02\\\/Parnassius-apollo-L.-juvavus-ma-Karteis-2015-33336.jpg?fit=1562%2C1200&ssl=1\",\"datePublished\":\"2025-02-10T10:37:24+00:00\",\"dateModified\":\"2025-02-10T10:37:30+00:00\",\"description\":\"Der Klimawandel bedroht die weltweite Artenvielfalt, einschlie\u00dflich der Schmetterlinge. Parnassius apollo ist ein Beispiel f\u00fcr die Herausforderungen, denen sich Schmetterlinge stellen m\u00fcssen.\",\"breadcrumb\":{\"@id\":\"https:\\\/\\\/parnassius-apollo.life\\\/de\\\/wie-parnassius-apollo-und-andere-schmetterlinge-den-klimawandel-bewaeltigen#breadcrumb\"},\"inLanguage\":\"de\",\"potentialAction\":[{\"@type\":\"ReadAction\",\"target\":[\"https:\\\/\\\/parnassius-apollo.life\\\/de\\\/wie-parnassius-apollo-und-andere-schmetterlinge-den-klimawandel-bewaeltigen\"]}]},{\"@type\":\"ImageObject\",\"inLanguage\":\"de\",\"@id\":\"https:\\\/\\\/parnassius-apollo.life\\\/de\\\/wie-parnassius-apollo-und-andere-schmetterlinge-den-klimawandel-bewaeltigen#primaryimage\",\"url\":\"https:\\\/\\\/i0.wp.com\\\/parnassius-apollo.life\\\/wp-content\\\/uploads\\\/2022\\\/02\\\/Parnassius-apollo-L.-juvavus-ma-Karteis-2015-33336.jpg?fit=1562%2C1200&ssl=1\",\"contentUrl\":\"https:\\\/\\\/i0.wp.com\\\/parnassius-apollo.life\\\/wp-content\\\/uploads\\\/2022\\\/02\\\/Parnassius-apollo-L.-juvavus-ma-Karteis-2015-33336.jpg?fit=1562%2C1200&ssl=1\",\"width\":1562,\"height\":1200,\"caption\":\"Apollo Schmetterling\"},{\"@type\":\"BreadcrumbList\",\"@id\":\"https:\\\/\\\/parnassius-apollo.life\\\/de\\\/wie-parnassius-apollo-und-andere-schmetterlinge-den-klimawandel-bewaeltigen#breadcrumb\",\"itemListElement\":[{\"@type\":\"ListItem\",\"position\":1,\"name\":\"Home\",\"item\":\"https:\\\/\\\/parnassius-apollo.life\\\/de\"},{\"@type\":\"ListItem\",\"position\":2,\"name\":\"Wie Parnassius Apollo und andere Schmetterlinge den Klimawandel bew\u00e4ltigen\"}]},{\"@type\":\"WebSite\",\"@id\":\"https:\\\/\\\/parnassius-apollo.life\\\/de#website\",\"url\":\"https:\\\/\\\/parnassius-apollo.life\\\/de\",\"name\":\"Parnassius apollo project LIFE Apollo2020\",\"description\":\"Conservation of Parnassius apollo in Czechia, Poland and Austria\",\"publisher\":{\"@id\":\"https:\\\/\\\/parnassius-apollo.life\\\/de#organization\"},\"potentialAction\":[{\"@type\":\"SearchAction\",\"target\":{\"@type\":\"EntryPoint\",\"urlTemplate\":\"https:\\\/\\\/parnassius-apollo.life\\\/de?s={search_term_string}\"},\"query-input\":{\"@type\":\"PropertyValueSpecification\",\"valueRequired\":true,\"valueName\":\"search_term_string\"}}],\"inLanguage\":\"de\"},{\"@type\":\"Organization\",\"@id\":\"https:\\\/\\\/parnassius-apollo.life\\\/de#organization\",\"name\":\"LIFE Apollo 2020\",\"alternateName\":\"Parnassius Apollo LIFE Project\",\"url\":\"https:\\\/\\\/parnassius-apollo.life\\\/de\",\"logo\":{\"@type\":\"ImageObject\",\"inLanguage\":\"de\",\"@id\":\"https:\\\/\\\/parnassius-apollo.life\\\/de#\\\/schema\\\/logo\\\/image\\\/\",\"url\":\"https:\\\/\\\/i0.wp.com\\\/parnassius-apollo.life\\\/wp-content\\\/uploads\\\/2022\\\/05\\\/LIFE_Apollo_Final-e1651506328254.png?fit=127%2C150&ssl=1\",\"contentUrl\":\"https:\\\/\\\/i0.wp.com\\\/parnassius-apollo.life\\\/wp-content\\\/uploads\\\/2022\\\/05\\\/LIFE_Apollo_Final-e1651506328254.png?fit=127%2C150&ssl=1\",\"width\":127,\"height\":150,\"caption\":\"LIFE Apollo 2020\"},\"image\":{\"@id\":\"https:\\\/\\\/parnassius-apollo.life\\\/de#\\\/schema\\\/logo\\\/image\\\/\"},\"email\":\"info@apollo-2020.life\",\"legalName\":\"Karkonoski Park Narodowy\",\"numberOfEmployees\":{\"@type\":\"QuantitativeValue\",\"minValue\":\"51\",\"maxValue\":\"200\"}},{\"@type\":\"Person\",\"@id\":\"https:\\\/\\\/parnassius-apollo.life\\\/de#\\\/schema\\\/person\\\/d2f73fe23bd92f4b07851cd37077efa1\",\"name\":\"Laura Rossberg\",\"image\":{\"@type\":\"ImageObject\",\"inLanguage\":\"de\",\"@id\":\"https:\\\/\\\/secure.gravatar.com\\\/avatar\\\/bd7a654df2848050c46a6939ad761f51c6fdf63026ebade03e5fb26569e330af?s=96&d=mm&r=g\",\"url\":\"https:\\\/\\\/secure.gravatar.com\\\/avatar\\\/bd7a654df2848050c46a6939ad761f51c6fdf63026ebade03e5fb26569e330af?s=96&d=mm&r=g\",\"contentUrl\":\"https:\\\/\\\/secure.gravatar.com\\\/avatar\\\/bd7a654df2848050c46a6939ad761f51c6fdf63026ebade03e5fb26569e330af?s=96&d=mm&r=g\",\"caption\":\"Laura Rossberg\"},\"url\":\"https:\\\/\\\/parnassius-apollo.life\\\/de\\\/author\\\/laura-rossberg\"}]}<\/script>\n<!-- \/ Yoast SEO Premium plugin. -->","yoast_head_json":{"title":"Wie Parnassius Apollo und andere Schmetterlinge den Klimawandel bew\u00e4ltigen - Parnassius apollo project LIFE Apollo2020","description":"Der Klimawandel bedroht die weltweite Artenvielfalt, einschlie\u00dflich der Schmetterlinge. Parnassius apollo ist ein Beispiel f\u00fcr die Herausforderungen, denen sich Schmetterlinge stellen m\u00fcssen.","robots":{"index":"index","follow":"follow","max-snippet":"max-snippet:-1","max-image-preview":"max-image-preview:large","max-video-preview":"max-video-preview:-1"},"canonical":"https:\/\/parnassius-apollo.life\/de\/wie-parnassius-apollo-und-andere-schmetterlinge-den-klimawandel-bewaeltigen","og_locale":"de_DE","og_type":"article","og_title":"Wie Parnassius Apollo und andere Schmetterlinge den Klimawandel bew\u00e4ltigen","og_description":"Der Klimawandel bedroht die weltweite Artenvielfalt, einschlie\u00dflich der Schmetterlinge. Parnassius apollo ist ein Beispiel f\u00fcr die Herausforderungen, denen sich Schmetterlinge stellen m\u00fcssen.","og_url":"https:\/\/parnassius-apollo.life\/de\/wie-parnassius-apollo-und-andere-schmetterlinge-den-klimawandel-bewaeltigen","og_site_name":"Parnassius apollo project LIFE Apollo2020","article_published_time":"2025-02-10T10:37:24+00:00","article_modified_time":"2025-02-10T10:37:30+00:00","og_image":[{"width":1562,"height":1200,"url":"https:\/\/i0.wp.com\/parnassius-apollo.life\/wp-content\/uploads\/2022\/02\/Parnassius-apollo-L.-juvavus-ma-Karteis-2015-33336.jpg?fit=1562%2C1200&ssl=1","type":"image\/jpeg"}],"author":"Laura Rossberg","twitter_card":"summary_large_image","twitter_misc":{"Verfasst von":"Laura Rossberg","Gesch\u00e4tzte Lesezeit":"4\u00a0Minuten"},"schema":{"@context":"https:\/\/schema.org","@graph":[{"@type":"Article","@id":"https:\/\/parnassius-apollo.life\/de\/wie-parnassius-apollo-und-andere-schmetterlinge-den-klimawandel-bewaeltigen#article","isPartOf":{"@id":"https:\/\/parnassius-apollo.life\/de\/wie-parnassius-apollo-und-andere-schmetterlinge-den-klimawandel-bewaeltigen"},"author":{"name":"Laura Rossberg","@id":"https:\/\/parnassius-apollo.life\/de#\/schema\/person\/d2f73fe23bd92f4b07851cd37077efa1"},"headline":"Wie Parnassius Apollo und andere Schmetterlinge den Klimawandel bew\u00e4ltigen","datePublished":"2025-02-10T10:37:24+00:00","dateModified":"2025-02-10T10:37:30+00:00","mainEntityOfPage":{"@id":"https:\/\/parnassius-apollo.life\/de\/wie-parnassius-apollo-und-andere-schmetterlinge-den-klimawandel-bewaeltigen"},"wordCount":848,"commentCount":0,"publisher":{"@id":"https:\/\/parnassius-apollo.life\/de#organization"},"image":{"@id":"https:\/\/parnassius-apollo.life\/de\/wie-parnassius-apollo-und-andere-schmetterlinge-den-klimawandel-bewaeltigen#primaryimage"},"thumbnailUrl":"https:\/\/i0.wp.com\/parnassius-apollo.life\/wp-content\/uploads\/2022\/02\/Parnassius-apollo-L.-juvavus-ma-Karteis-2015-33336.jpg?fit=1562%2C1200&ssl=1","keywords":["Biodiversit\u00e4tsverlust","Klimawandel","Parnassius Apollo"],"articleSection":["Schmetterlinge f\u00fcr Anf\u00e4nger"],"inLanguage":"de","potentialAction":[{"@type":"CommentAction","name":"Comment","target":["https:\/\/parnassius-apollo.life\/de\/wie-parnassius-apollo-und-andere-schmetterlinge-den-klimawandel-bewaeltigen#respond"]}]},{"@type":"WebPage","@id":"https:\/\/parnassius-apollo.life\/de\/wie-parnassius-apollo-und-andere-schmetterlinge-den-klimawandel-bewaeltigen","url":"https:\/\/parnassius-apollo.life\/de\/wie-parnassius-apollo-und-andere-schmetterlinge-den-klimawandel-bewaeltigen","name":"Wie Parnassius Apollo und andere Schmetterlinge den Klimawandel bew\u00e4ltigen - Parnassius apollo project LIFE Apollo2020","isPartOf":{"@id":"https:\/\/parnassius-apollo.life\/de#website"},"primaryImageOfPage":{"@id":"https:\/\/parnassius-apollo.life\/de\/wie-parnassius-apollo-und-andere-schmetterlinge-den-klimawandel-bewaeltigen#primaryimage"},"image":{"@id":"https:\/\/parnassius-apollo.life\/de\/wie-parnassius-apollo-und-andere-schmetterlinge-den-klimawandel-bewaeltigen#primaryimage"},"thumbnailUrl":"https:\/\/i0.wp.com\/parnassius-apollo.life\/wp-content\/uploads\/2022\/02\/Parnassius-apollo-L.-juvavus-ma-Karteis-2015-33336.jpg?fit=1562%2C1200&ssl=1","datePublished":"2025-02-10T10:37:24+00:00","dateModified":"2025-02-10T10:37:30+00:00","description":"Der Klimawandel bedroht die weltweite Artenvielfalt, einschlie\u00dflich der Schmetterlinge. Parnassius apollo ist ein Beispiel f\u00fcr die Herausforderungen, denen sich Schmetterlinge stellen m\u00fcssen.","breadcrumb":{"@id":"https:\/\/parnassius-apollo.life\/de\/wie-parnassius-apollo-und-andere-schmetterlinge-den-klimawandel-bewaeltigen#breadcrumb"},"inLanguage":"de","potentialAction":[{"@type":"ReadAction","target":["https:\/\/parnassius-apollo.life\/de\/wie-parnassius-apollo-und-andere-schmetterlinge-den-klimawandel-bewaeltigen"]}]},{"@type":"ImageObject","inLanguage":"de","@id":"https:\/\/parnassius-apollo.life\/de\/wie-parnassius-apollo-und-andere-schmetterlinge-den-klimawandel-bewaeltigen#primaryimage","url":"https:\/\/i0.wp.com\/parnassius-apollo.life\/wp-content\/uploads\/2022\/02\/Parnassius-apollo-L.-juvavus-ma-Karteis-2015-33336.jpg?fit=1562%2C1200&ssl=1","contentUrl":"https:\/\/i0.wp.com\/parnassius-apollo.life\/wp-content\/uploads\/2022\/02\/Parnassius-apollo-L.-juvavus-ma-Karteis-2015-33336.jpg?fit=1562%2C1200&ssl=1","width":1562,"height":1200,"caption":"Apollo Schmetterling"},{"@type":"BreadcrumbList","@id":"https:\/\/parnassius-apollo.life\/de\/wie-parnassius-apollo-und-andere-schmetterlinge-den-klimawandel-bewaeltigen#breadcrumb","itemListElement":[{"@type":"ListItem","position":1,"name":"Home","item":"https:\/\/parnassius-apollo.life\/de"},{"@type":"ListItem","position":2,"name":"Wie Parnassius Apollo und andere Schmetterlinge den Klimawandel bew\u00e4ltigen"}]},{"@type":"WebSite","@id":"https:\/\/parnassius-apollo.life\/de#website","url":"https:\/\/parnassius-apollo.life\/de","name":"Parnassius apollo project LIFE Apollo2020","description":"Conservation of Parnassius apollo in Czechia, Poland and Austria","publisher":{"@id":"https:\/\/parnassius-apollo.life\/de#organization"},"potentialAction":[{"@type":"SearchAction","target":{"@type":"EntryPoint","urlTemplate":"https:\/\/parnassius-apollo.life\/de?s={search_term_string}"},"query-input":{"@type":"PropertyValueSpecification","valueRequired":true,"valueName":"search_term_string"}}],"inLanguage":"de"},{"@type":"Organization","@id":"https:\/\/parnassius-apollo.life\/de#organization","name":"LIFE Apollo 2020","alternateName":"Parnassius Apollo LIFE Project","url":"https:\/\/parnassius-apollo.life\/de","logo":{"@type":"ImageObject","inLanguage":"de","@id":"https:\/\/parnassius-apollo.life\/de#\/schema\/logo\/image\/","url":"https:\/\/i0.wp.com\/parnassius-apollo.life\/wp-content\/uploads\/2022\/05\/LIFE_Apollo_Final-e1651506328254.png?fit=127%2C150&ssl=1","contentUrl":"https:\/\/i0.wp.com\/parnassius-apollo.life\/wp-content\/uploads\/2022\/05\/LIFE_Apollo_Final-e1651506328254.png?fit=127%2C150&ssl=1","width":127,"height":150,"caption":"LIFE Apollo 2020"},"image":{"@id":"https:\/\/parnassius-apollo.life\/de#\/schema\/logo\/image\/"},"email":"info@apollo-2020.life","legalName":"Karkonoski Park Narodowy","numberOfEmployees":{"@type":"QuantitativeValue","minValue":"51","maxValue":"200"}},{"@type":"Person","@id":"https:\/\/parnassius-apollo.life\/de#\/schema\/person\/d2f73fe23bd92f4b07851cd37077efa1","name":"Laura Rossberg","image":{"@type":"ImageObject","inLanguage":"de","@id":"https:\/\/secure.gravatar.com\/avatar\/bd7a654df2848050c46a6939ad761f51c6fdf63026ebade03e5fb26569e330af?s=96&d=mm&r=g","url":"https:\/\/secure.gravatar.com\/avatar\/bd7a654df2848050c46a6939ad761f51c6fdf63026ebade03e5fb26569e330af?s=96&d=mm&r=g","contentUrl":"https:\/\/secure.gravatar.com\/avatar\/bd7a654df2848050c46a6939ad761f51c6fdf63026ebade03e5fb26569e330af?s=96&d=mm&r=g","caption":"Laura Rossberg"},"url":"https:\/\/parnassius-apollo.life\/de\/author\/laura-rossberg"}]}},"jetpack_publicize_connections":[],"jetpack_featured_media_url":"https:\/\/i0.wp.com\/parnassius-apollo.life\/wp-content\/uploads\/2022\/02\/Parnassius-apollo-L.-juvavus-ma-Karteis-2015-33336.jpg?fit=1562%2C1200&ssl=1","jetpack_likes_enabled":true,"jetpack_sharing_enabled":true,"_links":{"self":[{"href":"https:\/\/parnassius-apollo.life\/de\/wp-json\/wp\/v2\/posts\/9247","targetHints":{"allow":["GET"]}}],"collection":[{"href":"https:\/\/parnassius-apollo.life\/de\/wp-json\/wp\/v2\/posts"}],"about":[{"href":"https:\/\/parnassius-apollo.life\/de\/wp-json\/wp\/v2\/types\/post"}],"author":[{"embeddable":true,"href":"https:\/\/parnassius-apollo.life\/de\/wp-json\/wp\/v2\/users\/33"}],"replies":[{"embeddable":true,"href":"https:\/\/parnassius-apollo.life\/de\/wp-json\/wp\/v2\/comments?post=9247"}],"version-history":[{"count":0,"href":"https:\/\/parnassius-apollo.life\/de\/wp-json\/wp\/v2\/posts\/9247\/revisions"}],"wp:featuredmedia":[{"embeddable":true,"href":"https:\/\/parnassius-apollo.life\/de\/wp-json\/wp\/v2\/media\/546"}],"wp:attachment":[{"href":"https:\/\/parnassius-apollo.life\/de\/wp-json\/wp\/v2\/media?parent=9247"}],"wp:term":[{"taxonomy":"category","embeddable":true,"href":"https:\/\/parnassius-apollo.life\/de\/wp-json\/wp\/v2\/categories?post=9247"},{"taxonomy":"post_tag","embeddable":true,"href":"https:\/\/parnassius-apollo.life\/de\/wp-json\/wp\/v2\/tags?post=9247"}],"curies":[{"name":"wp","href":"https:\/\/api.w.org\/{rel}","templated":true}]}}