{"id":8910,"date":"2025-02-10T11:27:38","date_gmt":"2025-02-10T10:27:38","guid":{"rendered":"https:\/\/parnassius-apollo.life\/bildungs-und-sensibilisierungsmassnahmen-in-den-weissen-karpaten"},"modified":"2025-07-10T17:25:08","modified_gmt":"2025-07-10T15:25:08","slug":"bildungs-und-sensibilisierungsmassnahmen-in-den-weissen-karpaten","status":"publish","type":"post","link":"https:\/\/parnassius-apollo.life\/de\/bildungs-und-sensibilisierungsmassnahmen-in-den-weissen-karpaten","title":{"rendered":"Bildungs- und Sensibilisierungsma\u00dfnahmen in den Wei\u00dfen Karpaten"},"content":{"rendered":"\n<p>Im Jahr 2024 setzte das Bildungs- und Informationszentrum Wei\u00dfe Karpaten das Apollo-Projekt und die damit verbundenen Bildungs- und Aufkl\u00e4rungsaktivit\u00e4ten fort.<\/p>\n\n<p>In diesem Jahr haben wir in unserem Funktionsbereich Wei\u00dfe Karpaten <strong>6 neue G\u00e4rten f\u00fcr Apollo<\/strong> angelegt, meist in Form eines Hochbeets. Die Beete wurden mit nektarhaltigen Pflanzen bes\u00e4t, die von den erwachsenen Apollo bevorzugt werden, d.h. mit verschiedenen rosa und violett bl\u00fchenden Pflanzen. Die ausges\u00e4te Mischung wurde auch mit anderen Blumen angereichert, die andere Schmetterlingsarten oder Insekten anlocken. Das Beet umfasst auch einen Steingarten mit Wirtspflanzen f\u00fcr Raupen. In den Wei\u00dfen Karpaten ist dies vor allem die Gro\u00dfe Fetthenne, die hier nat\u00fcrlich vorkommt. Dar\u00fcber hinaus ist die Wei\u00dfe Fetthenne eine weitere wichtige Wirtspflanze f\u00fcr die Raupen der Apollo-Raupe.     <\/p>\n\n<p>Die meisten G\u00e4rten f\u00fcr Apollo entstehen in Zusammenarbeit mit Schulen und Kinderg\u00e4rten oder z.B. Gemeinschaftsg\u00e4rten. Ihnen geht ein p\u00e4dagogischer Teil voraus, in dem die Sch\u00fcler mit Schmetterlingen im Allgemeinen und dann nat\u00fcrlich mit dem Apollo bekannt gemacht werden. Die Sch\u00fcler lieben es, mit den Raupen zu spielen, die dann zu Puppen werden. Wir verwenden unsere f\u00fcnf Meter lange Puppe, die einer echten Apollo-Puppe \u00e4hnelt, und die Raupen (die Sch\u00fcler) klettern hinein und schlafen ein. Nachdem eines der Wunder der Natur, die Metamorphose, in der Puppe stattgefunden hat, werden die Sch\u00fcler zu erwachsenen Schmetterlingen und fliegen aus der Puppe heraus. Eine weitere beliebte Aktivit\u00e4t ist die Zubereitung einer s\u00fc\u00dfen Fl\u00fcssigkeit, die dem Nektar in den Bl\u00fcten der Pflanzen, der einzigen Nahrung der erwachsenen Schmetterlinge, so nahe wie m\u00f6glich kommt. Danach folgt nat\u00fcrlich eine Verkostung. Schlie\u00dflich sind die Sch\u00fcler f\u00fcr den Rest des Programms erwachsene Schmetterlinge!      <\/p>\n\n<figure class=\"wp-block-image size-full\"><img data-recalc-dims=\"1\" loading=\"lazy\" decoding=\"async\" width=\"800\" height=\"570\" src=\"https:\/\/i0.wp.com\/parnassius-apollo.life\/wp-content\/uploads\/2024\/12\/IMG_20241018_082010.jpg?resize=800%2C570&#038;ssl=1\" alt=\"\" class=\"wp-image-8840\"\/><\/figure>\n\n<p>Im Anschluss daran wird das Hochbeet im Schulgarten fertiggestellt. Die Sch\u00fcler machen sich mit Begeisterung daran, das vorbereitete Hochbeet aufzur\u00e4umen und einen Steingarten mit ihren eigenen Steinen anzulegen. Damit sich die Sch\u00fcler mehr mit dem Beet verbunden f\u00fchlen, werden die meisten Steine f\u00fcr den Steingarten in der Natur gefunden und von den Sch\u00fclern selbst mitgebracht, manchmal mit verschiedenen Motiven bemalt, insbesondere mit Schmetterlingen. Sobald das Hochbeet fertig ist, s\u00e4en sie die Blumenmischung und pflanzen die Steinkulturen.   <\/p>\n\n<figure class=\"wp-block-image size-full\"><img data-recalc-dims=\"1\" loading=\"lazy\" decoding=\"async\" width=\"800\" height=\"450\" src=\"https:\/\/i0.wp.com\/parnassius-apollo.life\/wp-content\/uploads\/2024\/12\/20241018_104712.jpg?resize=800%2C450&#038;ssl=1\" alt=\"\" class=\"wp-image-8848\"\/><\/figure>\n\n<p>Das Bewusstsein wurde auch bei anderen Veranstaltungen gesch\u00e4rft. Zu Beginn des Jahres fand das traditionelle Seminar zu unserem Funktionsbereich statt, bei dem etwa 60 Teilnehmer aus der Tschechischen und Slowakischen Republik der Pr\u00e4sentation des Projekts mit Interesse zuh\u00f6rten. Im Fr\u00fchjahr empfing unsere Organisation Beamte aus der Region S\u00fcdm\u00e4hren. Wie die Studenten aus Slowenien besuchten sie unsere Zuchtstation und erfuhren dabei nicht nur viel Interessantes \u00fcber den Apollo, sondern auch \u00fcber die Bedeutung des Naturschutzes im Allgemeinen. Bei einer weiteren Sensibilisierungsveranstaltung im Haus der Natur der Wei\u00dfen Karpaten erfuhren die Besucher ebenfalls etwas \u00fcber den Apollo, und vor allem die J\u00fcngeren konnten ein Bild von einem Apollo malen, sich ein Apollo-Tattoo stechen lassen oder ein Memory-Spiel mit Tierarten mitnehmen, die in \u00e4hnlichen Lebensr\u00e4umen wie der Apollo leben. Sehr gut besucht war ein Vortrag f\u00fcr Senioren aus der Region der Wei\u00dfen Karpaten, in dem der Apollo, sein Lebenszyklus und die von ihm bewohnten Lebensr\u00e4ume vorgestellt wurden.     <\/p>\n\n<figure class=\"wp-block-image size-full\"><img data-recalc-dims=\"1\" loading=\"lazy\" decoding=\"async\" width=\"800\" height=\"600\" src=\"https:\/\/i0.wp.com\/parnassius-apollo.life\/wp-content\/uploads\/2024\/12\/20240606_120225.jpg?resize=800%2C600&#038;ssl=1\" alt=\"\" class=\"wp-image-8836\"\/><\/figure>\n\n<figure class=\"wp-block-image size-full\"><img data-recalc-dims=\"1\" loading=\"lazy\" decoding=\"async\" width=\"800\" height=\"600\" src=\"https:\/\/i0.wp.com\/parnassius-apollo.life\/wp-content\/uploads\/2024\/12\/P1170569.jpg?resize=800%2C600&#038;ssl=1\" alt=\"\" class=\"wp-image-8844\"\/><\/figure>\n\n<p>Das LIFE Apollo2020-Projekt ist der Beweis daf\u00fcr, dass die Zusammenarbeit zwischen Experten, Schulen und der Gemeinschaft konkrete Ergebnisse beim Naturschutz erzielen kann. Durch diese G\u00e4rten helfen wir nicht nur, den Apollo (und andere Arten mit \u00e4hnlichen Bed\u00fcrfnissen) zu erhalten, sondern wir erziehen und inspirieren auch die n\u00e4chste Generation, sich f\u00fcr unsere nat\u00fcrliche Welt einzusetzen. <\/p>\n","protected":false},"excerpt":{"rendered":"<p>Im Jahr 2024 setzte das Bildungs- und Informationszentrum Wei\u00dfe Karpaten das Apollo-Projekt und die damit verbundenen Bildungs- und Aufkl\u00e4rungsaktivit\u00e4ten fort.<\/p>\n","protected":false},"author":33,"featured_media":8850,"comment_status":"open","ping_status":"open","sticky":false,"template":"","format":"standard","meta":{"colormag_page_container_layout":"default_layout","colormag_page_sidebar_layout":"default_layout","ghostkit_customizer_options":"","ghostkit_custom_css":"","ghostkit_custom_js_head":"","ghostkit_custom_js_foot":"","ghostkit_typography":"","jetpack_post_was_ever_published":false,"_jetpack_newsletter_access":"","_jetpack_dont_email_post_to_subs":false,"_jetpack_newsletter_tier_id":0,"_jetpack_memberships_contains_paywalled_content":false,"_jetpack_memberships_contains_paid_content":false,"footnotes":"","jetpack_publicize_message":"","jetpack_publicize_feature_enabled":true,"jetpack_social_post_already_shared":true,"jetpack_social_options":{"image_generator_settings":{"template":"highway","default_image_id":0,"font":"","enabled":false},"version":2},"_wpas_customize_per_network":false},"categories":[247],"tags":[287,269,274],"class_list":["post-8910","post","type-post","status-publish","format-standard","has-post-thumbnail","hentry","category-ereignisse","tag-bildung","tag-parnassius-apollo-de","tag-tschechien"],"yoast_head":"<!-- This site is optimized with the Yoast SEO Premium plugin v27.4 (Yoast SEO v27.4) - https:\/\/yoast.com\/product\/yoast-seo-premium-wordpress\/ -->\n<title>Bildungs- und Sensibilisierungsma\u00dfnahmen in den Wei\u00dfen Karpaten - Parnassius apollo project LIFE Apollo2020<\/title>\n<meta name=\"description\" content=\"Im Jahr 2024 setzte das Bildungs- und Informationszentrum Wei\u00dfe Karpaten das Projekt LIFEApollo2020 und die damit verbundenen Bildungs- und Sensibilisierungsaktivit\u00e4ten fort.\" \/>\n<meta name=\"robots\" content=\"index, follow, max-snippet:-1, max-image-preview:large, max-video-preview:-1\" \/>\n<link rel=\"canonical\" href=\"https:\/\/parnassius-apollo.life\/de\/bildungs-und-sensibilisierungsmassnahmen-in-den-weissen-karpaten\" \/>\n<meta property=\"og:locale\" content=\"de_DE\" \/>\n<meta property=\"og:type\" content=\"article\" \/>\n<meta property=\"og:title\" content=\"Bildungs- und Sensibilisierungsma\u00dfnahmen in den Wei\u00dfen Karpaten\" \/>\n<meta property=\"og:description\" content=\"Im Jahr 2024 setzte das Bildungs- und Informationszentrum Wei\u00dfe Karpaten das Projekt LIFEApollo2020 und die damit verbundenen Bildungs- und Sensibilisierungsaktivit\u00e4ten fort.\" \/>\n<meta property=\"og:url\" content=\"https:\/\/parnassius-apollo.life\/de\/bildungs-und-sensibilisierungsmassnahmen-in-den-weissen-karpaten\" \/>\n<meta property=\"og:site_name\" content=\"Parnassius apollo project LIFE Apollo2020\" \/>\n<meta property=\"article:published_time\" content=\"2025-02-10T10:27:38+00:00\" \/>\n<meta property=\"article:modified_time\" content=\"2025-07-10T15:25:08+00:00\" \/>\n<meta property=\"og:image\" content=\"https:\/\/parnassius-apollo.life\/wp-content\/uploads\/2024\/12\/20241018_104712.jpg\" \/>\n\t<meta property=\"og:image:width\" content=\"2132\" \/>\n\t<meta property=\"og:image:height\" content=\"1200\" \/>\n\t<meta property=\"og:image:type\" content=\"image\/jpeg\" \/>\n<meta name=\"author\" content=\"Laura Rossberg\" \/>\n<meta name=\"twitter:card\" content=\"summary_large_image\" \/>\n<meta name=\"twitter:label1\" content=\"Verfasst von\" \/>\n\t<meta name=\"twitter:data1\" content=\"Laura Rossberg\" \/>\n\t<meta name=\"twitter:label2\" content=\"Gesch\u00e4tzte Lesezeit\" \/>\n\t<meta name=\"twitter:data2\" content=\"3\u00a0Minuten\" \/>\n<script type=\"application\/ld+json\" class=\"yoast-schema-graph\">{\"@context\":\"https:\\\/\\\/schema.org\",\"@graph\":[{\"@type\":\"Article\",\"@id\":\"https:\\\/\\\/parnassius-apollo.life\\\/de\\\/bildungs-und-sensibilisierungsmassnahmen-in-den-weissen-karpaten#article\",\"isPartOf\":{\"@id\":\"https:\\\/\\\/parnassius-apollo.life\\\/de\\\/bildungs-und-sensibilisierungsmassnahmen-in-den-weissen-karpaten\"},\"author\":{\"name\":\"Laura Rossberg\",\"@id\":\"https:\\\/\\\/parnassius-apollo.life\\\/de#\\\/schema\\\/person\\\/d2f73fe23bd92f4b07851cd37077efa1\"},\"headline\":\"Bildungs- und Sensibilisierungsma\u00dfnahmen in den Wei\u00dfen Karpaten\",\"datePublished\":\"2025-02-10T10:27:38+00:00\",\"dateModified\":\"2025-07-10T15:25:08+00:00\",\"mainEntityOfPage\":{\"@id\":\"https:\\\/\\\/parnassius-apollo.life\\\/de\\\/bildungs-und-sensibilisierungsmassnahmen-in-den-weissen-karpaten\"},\"wordCount\":616,\"commentCount\":0,\"publisher\":{\"@id\":\"https:\\\/\\\/parnassius-apollo.life\\\/de#organization\"},\"image\":{\"@id\":\"https:\\\/\\\/parnassius-apollo.life\\\/de\\\/bildungs-und-sensibilisierungsmassnahmen-in-den-weissen-karpaten#primaryimage\"},\"thumbnailUrl\":\"https:\\\/\\\/i0.wp.com\\\/parnassius-apollo.life\\\/wp-content\\\/uploads\\\/2024\\\/12\\\/20241018_104712.jpg?fit=2132%2C1200&ssl=1\",\"keywords\":[\"Bildung\",\"Parnassius Apollo\",\"Tschechien\"],\"articleSection\":[\"Ereignisse\"],\"inLanguage\":\"de\",\"potentialAction\":[{\"@type\":\"CommentAction\",\"name\":\"Comment\",\"target\":[\"https:\\\/\\\/parnassius-apollo.life\\\/de\\\/bildungs-und-sensibilisierungsmassnahmen-in-den-weissen-karpaten#respond\"]}]},{\"@type\":\"WebPage\",\"@id\":\"https:\\\/\\\/parnassius-apollo.life\\\/de\\\/bildungs-und-sensibilisierungsmassnahmen-in-den-weissen-karpaten\",\"url\":\"https:\\\/\\\/parnassius-apollo.life\\\/de\\\/bildungs-und-sensibilisierungsmassnahmen-in-den-weissen-karpaten\",\"name\":\"Bildungs- und Sensibilisierungsma\u00dfnahmen in den Wei\u00dfen Karpaten - Parnassius apollo project LIFE Apollo2020\",\"isPartOf\":{\"@id\":\"https:\\\/\\\/parnassius-apollo.life\\\/de#website\"},\"primaryImageOfPage\":{\"@id\":\"https:\\\/\\\/parnassius-apollo.life\\\/de\\\/bildungs-und-sensibilisierungsmassnahmen-in-den-weissen-karpaten#primaryimage\"},\"image\":{\"@id\":\"https:\\\/\\\/parnassius-apollo.life\\\/de\\\/bildungs-und-sensibilisierungsmassnahmen-in-den-weissen-karpaten#primaryimage\"},\"thumbnailUrl\":\"https:\\\/\\\/i0.wp.com\\\/parnassius-apollo.life\\\/wp-content\\\/uploads\\\/2024\\\/12\\\/20241018_104712.jpg?fit=2132%2C1200&ssl=1\",\"datePublished\":\"2025-02-10T10:27:38+00:00\",\"dateModified\":\"2025-07-10T15:25:08+00:00\",\"description\":\"Im Jahr 2024 setzte das Bildungs- und Informationszentrum Wei\u00dfe Karpaten das Projekt LIFEApollo2020 und die damit verbundenen Bildungs- und Sensibilisierungsaktivit\u00e4ten fort.\",\"breadcrumb\":{\"@id\":\"https:\\\/\\\/parnassius-apollo.life\\\/de\\\/bildungs-und-sensibilisierungsmassnahmen-in-den-weissen-karpaten#breadcrumb\"},\"inLanguage\":\"de\",\"potentialAction\":[{\"@type\":\"ReadAction\",\"target\":[\"https:\\\/\\\/parnassius-apollo.life\\\/de\\\/bildungs-und-sensibilisierungsmassnahmen-in-den-weissen-karpaten\"]}]},{\"@type\":\"ImageObject\",\"inLanguage\":\"de\",\"@id\":\"https:\\\/\\\/parnassius-apollo.life\\\/de\\\/bildungs-und-sensibilisierungsmassnahmen-in-den-weissen-karpaten#primaryimage\",\"url\":\"https:\\\/\\\/i0.wp.com\\\/parnassius-apollo.life\\\/wp-content\\\/uploads\\\/2024\\\/12\\\/20241018_104712.jpg?fit=2132%2C1200&ssl=1\",\"contentUrl\":\"https:\\\/\\\/i0.wp.com\\\/parnassius-apollo.life\\\/wp-content\\\/uploads\\\/2024\\\/12\\\/20241018_104712.jpg?fit=2132%2C1200&ssl=1\",\"width\":2132,\"height\":1200},{\"@type\":\"BreadcrumbList\",\"@id\":\"https:\\\/\\\/parnassius-apollo.life\\\/de\\\/bildungs-und-sensibilisierungsmassnahmen-in-den-weissen-karpaten#breadcrumb\",\"itemListElement\":[{\"@type\":\"ListItem\",\"position\":1,\"name\":\"Home\",\"item\":\"https:\\\/\\\/parnassius-apollo.life\\\/de\"},{\"@type\":\"ListItem\",\"position\":2,\"name\":\"Bildungs- und Sensibilisierungsma\u00dfnahmen in den Wei\u00dfen Karpaten\"}]},{\"@type\":\"WebSite\",\"@id\":\"https:\\\/\\\/parnassius-apollo.life\\\/de#website\",\"url\":\"https:\\\/\\\/parnassius-apollo.life\\\/de\",\"name\":\"Parnassius apollo project LIFE Apollo2020\",\"description\":\"Conservation of Parnassius apollo in Czechia, Poland and Austria\",\"publisher\":{\"@id\":\"https:\\\/\\\/parnassius-apollo.life\\\/de#organization\"},\"potentialAction\":[{\"@type\":\"SearchAction\",\"target\":{\"@type\":\"EntryPoint\",\"urlTemplate\":\"https:\\\/\\\/parnassius-apollo.life\\\/de?s={search_term_string}\"},\"query-input\":{\"@type\":\"PropertyValueSpecification\",\"valueRequired\":true,\"valueName\":\"search_term_string\"}}],\"inLanguage\":\"de\"},{\"@type\":\"Organization\",\"@id\":\"https:\\\/\\\/parnassius-apollo.life\\\/de#organization\",\"name\":\"LIFE Apollo 2020\",\"alternateName\":\"Parnassius Apollo LIFE Project\",\"url\":\"https:\\\/\\\/parnassius-apollo.life\\\/de\",\"logo\":{\"@type\":\"ImageObject\",\"inLanguage\":\"de\",\"@id\":\"https:\\\/\\\/parnassius-apollo.life\\\/de#\\\/schema\\\/logo\\\/image\\\/\",\"url\":\"https:\\\/\\\/i0.wp.com\\\/parnassius-apollo.life\\\/wp-content\\\/uploads\\\/2022\\\/05\\\/LIFE_Apollo_Final-e1651506328254.png?fit=127%2C150&ssl=1\",\"contentUrl\":\"https:\\\/\\\/i0.wp.com\\\/parnassius-apollo.life\\\/wp-content\\\/uploads\\\/2022\\\/05\\\/LIFE_Apollo_Final-e1651506328254.png?fit=127%2C150&ssl=1\",\"width\":127,\"height\":150,\"caption\":\"LIFE Apollo 2020\"},\"image\":{\"@id\":\"https:\\\/\\\/parnassius-apollo.life\\\/de#\\\/schema\\\/logo\\\/image\\\/\"},\"email\":\"info@apollo-2020.life\",\"legalName\":\"Karkonoski Park Narodowy\",\"numberOfEmployees\":{\"@type\":\"QuantitativeValue\",\"minValue\":\"51\",\"maxValue\":\"200\"}},{\"@type\":\"Person\",\"@id\":\"https:\\\/\\\/parnassius-apollo.life\\\/de#\\\/schema\\\/person\\\/d2f73fe23bd92f4b07851cd37077efa1\",\"name\":\"Laura Rossberg\",\"image\":{\"@type\":\"ImageObject\",\"inLanguage\":\"de\",\"@id\":\"https:\\\/\\\/secure.gravatar.com\\\/avatar\\\/bd7a654df2848050c46a6939ad761f51c6fdf63026ebade03e5fb26569e330af?s=96&d=mm&r=g\",\"url\":\"https:\\\/\\\/secure.gravatar.com\\\/avatar\\\/bd7a654df2848050c46a6939ad761f51c6fdf63026ebade03e5fb26569e330af?s=96&d=mm&r=g\",\"contentUrl\":\"https:\\\/\\\/secure.gravatar.com\\\/avatar\\\/bd7a654df2848050c46a6939ad761f51c6fdf63026ebade03e5fb26569e330af?s=96&d=mm&r=g\",\"caption\":\"Laura Rossberg\"},\"url\":\"https:\\\/\\\/parnassius-apollo.life\\\/de\\\/author\\\/laura-rossberg\"}]}<\/script>\n<!-- \/ Yoast SEO Premium plugin. -->","yoast_head_json":{"title":"Bildungs- und Sensibilisierungsma\u00dfnahmen in den Wei\u00dfen Karpaten - Parnassius apollo project LIFE Apollo2020","description":"Im Jahr 2024 setzte das Bildungs- und Informationszentrum Wei\u00dfe Karpaten das Projekt LIFEApollo2020 und die damit verbundenen Bildungs- und Sensibilisierungsaktivit\u00e4ten fort.","robots":{"index":"index","follow":"follow","max-snippet":"max-snippet:-1","max-image-preview":"max-image-preview:large","max-video-preview":"max-video-preview:-1"},"canonical":"https:\/\/parnassius-apollo.life\/de\/bildungs-und-sensibilisierungsmassnahmen-in-den-weissen-karpaten","og_locale":"de_DE","og_type":"article","og_title":"Bildungs- und Sensibilisierungsma\u00dfnahmen in den Wei\u00dfen Karpaten","og_description":"Im Jahr 2024 setzte das Bildungs- und Informationszentrum Wei\u00dfe Karpaten das Projekt LIFEApollo2020 und die damit verbundenen Bildungs- und Sensibilisierungsaktivit\u00e4ten fort.","og_url":"https:\/\/parnassius-apollo.life\/de\/bildungs-und-sensibilisierungsmassnahmen-in-den-weissen-karpaten","og_site_name":"Parnassius apollo project LIFE Apollo2020","article_published_time":"2025-02-10T10:27:38+00:00","article_modified_time":"2025-07-10T15:25:08+00:00","og_image":[{"width":2132,"height":1200,"url":"https:\/\/parnassius-apollo.life\/wp-content\/uploads\/2024\/12\/20241018_104712.jpg","type":"image\/jpeg"}],"author":"Laura Rossberg","twitter_card":"summary_large_image","twitter_misc":{"Verfasst von":"Laura Rossberg","Gesch\u00e4tzte Lesezeit":"3\u00a0Minuten"},"schema":{"@context":"https:\/\/schema.org","@graph":[{"@type":"Article","@id":"https:\/\/parnassius-apollo.life\/de\/bildungs-und-sensibilisierungsmassnahmen-in-den-weissen-karpaten#article","isPartOf":{"@id":"https:\/\/parnassius-apollo.life\/de\/bildungs-und-sensibilisierungsmassnahmen-in-den-weissen-karpaten"},"author":{"name":"Laura Rossberg","@id":"https:\/\/parnassius-apollo.life\/de#\/schema\/person\/d2f73fe23bd92f4b07851cd37077efa1"},"headline":"Bildungs- und Sensibilisierungsma\u00dfnahmen in den Wei\u00dfen Karpaten","datePublished":"2025-02-10T10:27:38+00:00","dateModified":"2025-07-10T15:25:08+00:00","mainEntityOfPage":{"@id":"https:\/\/parnassius-apollo.life\/de\/bildungs-und-sensibilisierungsmassnahmen-in-den-weissen-karpaten"},"wordCount":616,"commentCount":0,"publisher":{"@id":"https:\/\/parnassius-apollo.life\/de#organization"},"image":{"@id":"https:\/\/parnassius-apollo.life\/de\/bildungs-und-sensibilisierungsmassnahmen-in-den-weissen-karpaten#primaryimage"},"thumbnailUrl":"https:\/\/i0.wp.com\/parnassius-apollo.life\/wp-content\/uploads\/2024\/12\/20241018_104712.jpg?fit=2132%2C1200&ssl=1","keywords":["Bildung","Parnassius Apollo","Tschechien"],"articleSection":["Ereignisse"],"inLanguage":"de","potentialAction":[{"@type":"CommentAction","name":"Comment","target":["https:\/\/parnassius-apollo.life\/de\/bildungs-und-sensibilisierungsmassnahmen-in-den-weissen-karpaten#respond"]}]},{"@type":"WebPage","@id":"https:\/\/parnassius-apollo.life\/de\/bildungs-und-sensibilisierungsmassnahmen-in-den-weissen-karpaten","url":"https:\/\/parnassius-apollo.life\/de\/bildungs-und-sensibilisierungsmassnahmen-in-den-weissen-karpaten","name":"Bildungs- und Sensibilisierungsma\u00dfnahmen in den Wei\u00dfen Karpaten - Parnassius apollo project LIFE Apollo2020","isPartOf":{"@id":"https:\/\/parnassius-apollo.life\/de#website"},"primaryImageOfPage":{"@id":"https:\/\/parnassius-apollo.life\/de\/bildungs-und-sensibilisierungsmassnahmen-in-den-weissen-karpaten#primaryimage"},"image":{"@id":"https:\/\/parnassius-apollo.life\/de\/bildungs-und-sensibilisierungsmassnahmen-in-den-weissen-karpaten#primaryimage"},"thumbnailUrl":"https:\/\/i0.wp.com\/parnassius-apollo.life\/wp-content\/uploads\/2024\/12\/20241018_104712.jpg?fit=2132%2C1200&ssl=1","datePublished":"2025-02-10T10:27:38+00:00","dateModified":"2025-07-10T15:25:08+00:00","description":"Im Jahr 2024 setzte das Bildungs- und Informationszentrum Wei\u00dfe Karpaten das Projekt LIFEApollo2020 und die damit verbundenen Bildungs- und Sensibilisierungsaktivit\u00e4ten fort.","breadcrumb":{"@id":"https:\/\/parnassius-apollo.life\/de\/bildungs-und-sensibilisierungsmassnahmen-in-den-weissen-karpaten#breadcrumb"},"inLanguage":"de","potentialAction":[{"@type":"ReadAction","target":["https:\/\/parnassius-apollo.life\/de\/bildungs-und-sensibilisierungsmassnahmen-in-den-weissen-karpaten"]}]},{"@type":"ImageObject","inLanguage":"de","@id":"https:\/\/parnassius-apollo.life\/de\/bildungs-und-sensibilisierungsmassnahmen-in-den-weissen-karpaten#primaryimage","url":"https:\/\/i0.wp.com\/parnassius-apollo.life\/wp-content\/uploads\/2024\/12\/20241018_104712.jpg?fit=2132%2C1200&ssl=1","contentUrl":"https:\/\/i0.wp.com\/parnassius-apollo.life\/wp-content\/uploads\/2024\/12\/20241018_104712.jpg?fit=2132%2C1200&ssl=1","width":2132,"height":1200},{"@type":"BreadcrumbList","@id":"https:\/\/parnassius-apollo.life\/de\/bildungs-und-sensibilisierungsmassnahmen-in-den-weissen-karpaten#breadcrumb","itemListElement":[{"@type":"ListItem","position":1,"name":"Home","item":"https:\/\/parnassius-apollo.life\/de"},{"@type":"ListItem","position":2,"name":"Bildungs- und Sensibilisierungsma\u00dfnahmen in den Wei\u00dfen Karpaten"}]},{"@type":"WebSite","@id":"https:\/\/parnassius-apollo.life\/de#website","url":"https:\/\/parnassius-apollo.life\/de","name":"Parnassius apollo project LIFE Apollo2020","description":"Conservation of Parnassius apollo in Czechia, Poland and Austria","publisher":{"@id":"https:\/\/parnassius-apollo.life\/de#organization"},"potentialAction":[{"@type":"SearchAction","target":{"@type":"EntryPoint","urlTemplate":"https:\/\/parnassius-apollo.life\/de?s={search_term_string}"},"query-input":{"@type":"PropertyValueSpecification","valueRequired":true,"valueName":"search_term_string"}}],"inLanguage":"de"},{"@type":"Organization","@id":"https:\/\/parnassius-apollo.life\/de#organization","name":"LIFE Apollo 2020","alternateName":"Parnassius Apollo LIFE Project","url":"https:\/\/parnassius-apollo.life\/de","logo":{"@type":"ImageObject","inLanguage":"de","@id":"https:\/\/parnassius-apollo.life\/de#\/schema\/logo\/image\/","url":"https:\/\/i0.wp.com\/parnassius-apollo.life\/wp-content\/uploads\/2022\/05\/LIFE_Apollo_Final-e1651506328254.png?fit=127%2C150&ssl=1","contentUrl":"https:\/\/i0.wp.com\/parnassius-apollo.life\/wp-content\/uploads\/2022\/05\/LIFE_Apollo_Final-e1651506328254.png?fit=127%2C150&ssl=1","width":127,"height":150,"caption":"LIFE Apollo 2020"},"image":{"@id":"https:\/\/parnassius-apollo.life\/de#\/schema\/logo\/image\/"},"email":"info@apollo-2020.life","legalName":"Karkonoski Park Narodowy","numberOfEmployees":{"@type":"QuantitativeValue","minValue":"51","maxValue":"200"}},{"@type":"Person","@id":"https:\/\/parnassius-apollo.life\/de#\/schema\/person\/d2f73fe23bd92f4b07851cd37077efa1","name":"Laura Rossberg","image":{"@type":"ImageObject","inLanguage":"de","@id":"https:\/\/secure.gravatar.com\/avatar\/bd7a654df2848050c46a6939ad761f51c6fdf63026ebade03e5fb26569e330af?s=96&d=mm&r=g","url":"https:\/\/secure.gravatar.com\/avatar\/bd7a654df2848050c46a6939ad761f51c6fdf63026ebade03e5fb26569e330af?s=96&d=mm&r=g","contentUrl":"https:\/\/secure.gravatar.com\/avatar\/bd7a654df2848050c46a6939ad761f51c6fdf63026ebade03e5fb26569e330af?s=96&d=mm&r=g","caption":"Laura Rossberg"},"url":"https:\/\/parnassius-apollo.life\/de\/author\/laura-rossberg"}]}},"jetpack_publicize_connections":[],"jetpack_featured_media_url":"https:\/\/i0.wp.com\/parnassius-apollo.life\/wp-content\/uploads\/2024\/12\/20241018_104712.jpg?fit=2132%2C1200&ssl=1","jetpack_likes_enabled":true,"jetpack_sharing_enabled":true,"_links":{"self":[{"href":"https:\/\/parnassius-apollo.life\/de\/wp-json\/wp\/v2\/posts\/8910","targetHints":{"allow":["GET"]}}],"collection":[{"href":"https:\/\/parnassius-apollo.life\/de\/wp-json\/wp\/v2\/posts"}],"about":[{"href":"https:\/\/parnassius-apollo.life\/de\/wp-json\/wp\/v2\/types\/post"}],"author":[{"embeddable":true,"href":"https:\/\/parnassius-apollo.life\/de\/wp-json\/wp\/v2\/users\/33"}],"replies":[{"embeddable":true,"href":"https:\/\/parnassius-apollo.life\/de\/wp-json\/wp\/v2\/comments?post=8910"}],"version-history":[{"count":0,"href":"https:\/\/parnassius-apollo.life\/de\/wp-json\/wp\/v2\/posts\/8910\/revisions"}],"wp:featuredmedia":[{"embeddable":true,"href":"https:\/\/parnassius-apollo.life\/de\/wp-json\/wp\/v2\/media\/8850"}],"wp:attachment":[{"href":"https:\/\/parnassius-apollo.life\/de\/wp-json\/wp\/v2\/media?parent=8910"}],"wp:term":[{"taxonomy":"category","embeddable":true,"href":"https:\/\/parnassius-apollo.life\/de\/wp-json\/wp\/v2\/categories?post=8910"},{"taxonomy":"post_tag","embeddable":true,"href":"https:\/\/parnassius-apollo.life\/de\/wp-json\/wp\/v2\/tags?post=8910"}],"curies":[{"name":"wp","href":"https:\/\/api.w.org\/{rel}","templated":true}]}}