{"id":8630,"date":"2024-11-30T19:38:57","date_gmt":"2024-11-30T18:38:57","guid":{"rendered":"https:\/\/parnassius-apollo.life\/freiwilligenarbeit-fuer-apollo-in-polen"},"modified":"2025-02-10T11:32:08","modified_gmt":"2025-02-10T10:32:08","slug":"freiwilligenarbeit-fuer-apollo-in-polen","status":"publish","type":"post","link":"https:\/\/parnassius-apollo.life\/de\/freiwilligenarbeit-fuer-apollo-in-polen","title":{"rendered":"Freiwilligenarbeit f\u00fcr Apollo in Polen"},"content":{"rendered":"\n<p>Dieser Beitrag wurde von Maria Gezela und Karolina Baranowska geschrieben und enth\u00e4lt einen Bericht \u00fcber ihre Erfahrungen als Freiwillige bei LIFE Apollo2020 in Polen.<\/p>\n\n<p>Ehrlich gesagt, wei\u00df nicht jeder, wie die Arten\u00fcberwachung funktioniert. Deshalb werden wir Ihnen ein wenig dar\u00fcber erz\u00e4hlen. Zun\u00e4chst einmal waren wir zwei Wochen lang Freiwillige im Rahmen des Apollo-Freiwilligenprogramms, das in Zusammenarbeit mit dem Karkonoski Park Narodowy und dem Klub Przyrodnik\u00f3w ins Leben gerufen wurde.    <\/p>\n\n<p>Wir begannen unsere Reise am ersten Juli und lernten alle kennen, die auch an diesem Programm teilgenommen hatten und lasen \u00fcber die Biologie von <em>Parnassius apollo<\/em>. Am zweiten Tag lernten wir Roman, Grzegorz und Dariusz vom Karkonoski Park Narodowy kennen und erfuhren von ihnen eine Menge \u00fcber <em>Parnassius apollo<\/em>. Zun\u00e4chst besuchten wir die Karkonoski Bank Gen\u00f3w in Jagni\u0105tk\u00f3w, wo <em>Parnassius apollo<\/em> gez\u00fcchtet wird und wir sahen und erfuhren mehr \u00fcber den Prozess.    <\/p>\n\n<p>Dann fuhren wir zu den beiden Steinbr\u00fcchen &#8222;Gruszka&#8220; und &#8222;Mi\u0142ek&#8220; und hatten die Gelegenheit, die Imagoform freizulassen. Es war das erste Mal, dass wir die Schmetterlinge in unseren H\u00e4nden hielten. Wir alle versuchten, behutsam mit ihnen umzugehen, sie waren so sch\u00f6n und wirklich besonders, nicht wie jeder andere Schmetterling. Am dritten Tag lernten wir alle Auswilderungsgebiete kennen, wie sie aussehen, wo <em>Sedum maximum<\/em> und nektarproduzierende Pflanzen stehen. Es gab elf Auswilderungsgebiete, wie z.B.: Chojnik, Podzamcze, Sobiesz, Wa\u0142y Cieplickie, Piast\u00f3w, Krzy\u017c Jubileuszowy, G\u00f3ra Szybowcowa, Kamienio\u0142om &#8222;Gruszka&#8220;, Kamienio\u0142om &#8222;Mi\u0142ek&#8220;, Bobr\u00f3w und Kruczy Kamie\u0144.      <\/p>\n\n<figure class=\"wp-block-gallery has-nested-images columns-default is-cropped wp-block-gallery-1 is-layout-flex wp-block-gallery-is-layout-flex\">\n<figure class=\"wp-block-image size-large\"><img data-recalc-dims=\"1\" decoding=\"async\" src=\"https:\/\/i0.wp.com\/parnassius-apollo.life\/wp-content\/uploads\/2024\/08\/Zdjecie-WhatsApp-2024-07-05-o-19.36.11_d2863dc1.jpg?w=800&#038;ssl=1\" alt=\"\"\/><\/figure>\n\n\n\n<figure class=\"wp-block-image size-large\"><img data-recalc-dims=\"1\" decoding=\"async\" src=\"https:\/\/i0.wp.com\/parnassius-apollo.life\/wp-content\/uploads\/2024\/08\/Zdjecie-WhatsApp-2024-07-05-o-19.36.11_f68edbea.jpg?w=800&#038;ssl=1\" alt=\"\"\/><\/figure>\n\n\n\n<figure class=\"wp-block-image size-large\"><img data-recalc-dims=\"1\" decoding=\"async\" src=\"https:\/\/i0.wp.com\/parnassius-apollo.life\/wp-content\/uploads\/2024\/08\/Zdjecie-WhatsApp-2024-07-05-o-19.36.14_69ae43ff.jpg?w=800&#038;ssl=1\" alt=\"\"\/><\/figure>\n\n\n\n<figure class=\"wp-block-image size-large\"><img data-recalc-dims=\"1\" decoding=\"async\" src=\"https:\/\/i0.wp.com\/parnassius-apollo.life\/wp-content\/uploads\/2024\/08\/Zdjecie-WhatsApp-2024-07-05-o-19.36.15_7f50839d.jpg?w=800&#038;ssl=1\" alt=\"\"\/><\/figure>\n\n\n\n<figure class=\"wp-block-image size-large\"><img data-recalc-dims=\"1\" decoding=\"async\" src=\"https:\/\/i0.wp.com\/parnassius-apollo.life\/wp-content\/uploads\/2024\/08\/Zdjecie-WhatsApp-2024-07-06-o-17.02.39_905f9905.jpg?w=800&#038;ssl=1\" alt=\"\"\/><\/figure>\n\n\n\n<figure class=\"wp-block-image size-large\"><img data-recalc-dims=\"1\" decoding=\"async\" src=\"https:\/\/i0.wp.com\/parnassius-apollo.life\/wp-content\/uploads\/2024\/08\/Zdjecie-WhatsApp-2024-07-06-o-17.02.41_70174db1.jpg?w=800&#038;ssl=1\" alt=\"\"\/><\/figure>\n<\/figure>\n\n<p>Am Donnerstag sind wir alle nach Kruczy Kamie\u0144 gefahren und hatten endlich die Gelegenheit, die Transekt- und CMR-Methode zu lernen. Es war auch das erste Mal, dass wir Schmetterlinge gefangen haben und es war eine tolle Erfahrung, bei der wir viel gelernt haben. Dann fuhren wir zu Karczma S\u0105dowa in Uniemy\u015bl, der Feldstation des Klub Przyrodnik\u00f3w. Wir tranken Kaffee und unterhielten uns ein wenig. Wir erfuhren die Geschichte hinter der Restaurierung dieses Ortes, denn vor ein paar Jahren war er noch v\u00f6llig zerst\u00f6rt.     <\/p>\n\n<p>Am Freitag haben Jacek, Dominika und Ola <em>Parnassius apollo<\/em> in Cieplice, Piast\u00f3w, Sobiesz, Podzamcze und Chojnik beobachtet. Karolina und ich waren bei der Veranstaltung Klimatyczne Karkonosze und haben mit den Kindern Holzmagnete, Ohrringe und Schl\u00fcsselanh\u00e4nger gef\u00e4rbt, die wie <em>Parnassius apollo<\/em> aussehen. Au\u00dferdem haben wir sie \u00fcber unseren au\u00dfergew\u00f6hnlichen Schmetterling aufgekl\u00e4rt.    <\/p>\n\n<figure class=\"wp-block-gallery has-nested-images columns-default is-cropped wp-block-gallery-2 is-layout-flex wp-block-gallery-is-layout-flex\">\n<figure class=\"wp-block-image size-large\"><img data-recalc-dims=\"1\" decoding=\"async\" src=\"https:\/\/i0.wp.com\/parnassius-apollo.life\/wp-content\/uploads\/2024\/08\/IMG20240711101900-scaled.jpg?w=800&#038;ssl=1\" alt=\"\"\/><\/figure>\n\n\n\n<figure class=\"wp-block-image size-large\"><img data-recalc-dims=\"1\" decoding=\"async\" src=\"https:\/\/i0.wp.com\/parnassius-apollo.life\/wp-content\/uploads\/2024\/08\/IMG20240711102813-scaled.jpg?w=800&#038;ssl=1\" alt=\"\"\/><\/figure>\n\n\n\n<figure class=\"wp-block-image size-large\"><img data-recalc-dims=\"1\" decoding=\"async\" src=\"https:\/\/i0.wp.com\/parnassius-apollo.life\/wp-content\/uploads\/2024\/08\/IMG20240711102114-scaled.jpg?w=800&#038;ssl=1\" alt=\"\"\/><\/figure>\n<\/figure>\n\n<p>Am Samstag haben wir <em>Parnassius apollo<\/em> in Kruczy Kamie\u0144 beobachtet und es war ein gro\u00dfer Erfolg f\u00fcr uns, wir haben 15 Individuen gefangen, von denen 5 neu waren (2 Weibchen mit Sphragis und 3 M\u00e4nnchen). Nach Kruczy Kamie\u0144 fuhren wir nach Bobr\u00f3w, wo etwas Lustiges passierte. Wir beschlossen alle, diesen kleinen Teil des Waldes zu umrunden, aber wir hatten nicht damit gerechnet, dass wir zur\u00fcckklettern m\u00fcssten, um zu unserem Auto zu gelangen. Schlie\u00dflich kamen wir doch noch zu unserem Auto, aber es war so anstrengend. Am Sonntag fuhren Jacek, Dominika und Ola nach Krzy\u017c Jubileuszowy und G\u00f3ra Szybowcowa. Karolina und ich fuhren zu den Steinbr\u00fcchen &#8222;Gruszka&#8220; und &#8222;Mi\u0142ek&#8220;. An diesem Tag war das Wetter nicht gut, also haben wir nichts gesehen. Dann mussten wir uns von Ola und Dominik verabschieden, weil sie an diesem Tag wieder nach Hause fuhren. So endete unsere erste Woche. Wir lernten viel \u00fcber die \u00dcberwachung und ehrlich gesagt \u00fcber alles von Roman, Grzegorz, Dariusz und Kamila. Sie haben uns sehr geholfen und um ehrlich zu sein, sind sie nicht nur gro\u00dfartige Lehrer, sondern auch lustig und hilfsbereit.         <\/p>\n\n<figure class=\"wp-block-gallery has-nested-images columns-default is-cropped wp-block-gallery-3 is-layout-flex wp-block-gallery-is-layout-flex\">\n<figure class=\"wp-block-image size-large\"><img data-recalc-dims=\"1\" decoding=\"async\" src=\"https:\/\/i0.wp.com\/parnassius-apollo.life\/wp-content\/uploads\/2024\/08\/DSCF2490-scaled.jpg?w=800&#038;ssl=1\" alt=\"\"\/><\/figure>\n\n\n\n<figure class=\"wp-block-image size-large\"><img data-recalc-dims=\"1\" decoding=\"async\" src=\"https:\/\/i0.wp.com\/parnassius-apollo.life\/wp-content\/uploads\/2024\/08\/DSCF2497-scaled.jpg?w=800&#038;ssl=1\" alt=\"\"\/><\/figure>\n\n\n\n<figure class=\"wp-block-image size-large\"><img data-recalc-dims=\"1\" decoding=\"async\" src=\"https:\/\/i0.wp.com\/parnassius-apollo.life\/wp-content\/uploads\/2024\/08\/IMG20240711103831-1-scaled.jpg?w=800&#038;ssl=1\" alt=\"\"\/><\/figure>\n<\/figure>\n\n<p>In der zweiten Woche begannen wir mit einer weiteren Beobachtungsrunde. Karolina und ich fuhren nach Chojnik, Wa\u0142y Cieplickie und Piast\u00f3w. Jacek fuhr nach Sobiesz und Podzamcze. Trotz des sch\u00f6nen Wetters konnten wir in Wa\u0142y Cieplickie, Piast\u00f3w, Sobiesz und Podzamcze keine Schmetterlinge finden. Gerade als wir die Beobachtung beenden wollten, fand ich einen toten <em>Parnassius apollo&#8230;<\/em> direkt neben mir. Es war ein Weibchen mit Sphragis und sie hatte eine Nummer 298 auf den Fl\u00fcgeln.       <\/p>\n\n<p>Nat\u00fcrlich konnte unser Tag nicht ohne ein kleines Abenteuer zu Ende gehen. Auf dem R\u00fcckweg von Chojnik zu unserem Auto fanden wir Schafe in Schwierigkeiten. Das Schaf hatte sich in einem Elektrozaun verheddert, den wir ausschalten und das Tier befreien mussten. Wir trafen auch neue Freiwillige &#8211; Ola, \u0141ucja und Magda. Wir gingen bis Mittwoch mit den Praktikanten &#8211; Julia und Justyna &#8211; zur \u00dcberwachung. Einen Moment lang f\u00fchlten wir uns wie Lehrer, denn wir versuchten, ihnen alles \u00fcber den Schmetterling, seine Biologie, das Monitoring usw. zu erz\u00e4hlen.       <\/p>\n\n<figure class=\"wp-block-gallery has-nested-images columns-default is-cropped wp-block-gallery-4 is-layout-flex wp-block-gallery-is-layout-flex\">\n<figure class=\"wp-block-image size-large\"><img data-recalc-dims=\"1\" decoding=\"async\" src=\"https:\/\/i0.wp.com\/parnassius-apollo.life\/wp-content\/uploads\/2024\/08\/P7021005-scaled.jpg?w=800&#038;ssl=1\" alt=\"\"\/><\/figure>\n\n\n\n<figure class=\"wp-block-image size-large\"><img data-recalc-dims=\"1\" decoding=\"async\" src=\"https:\/\/i0.wp.com\/parnassius-apollo.life\/wp-content\/uploads\/2024\/08\/P7101261-scaled.jpg?w=800&#038;ssl=1\" alt=\"\"\/><\/figure>\n\n\n\n<figure class=\"wp-block-image size-large\"><img data-recalc-dims=\"1\" decoding=\"async\" src=\"https:\/\/i0.wp.com\/parnassius-apollo.life\/wp-content\/uploads\/2024\/08\/Zdjecie-WhatsApp-2024-07-09-o-17.51.44_e3bebe37-1.jpg?w=800&#038;ssl=1\" alt=\"\"\/><\/figure>\n<\/figure>\n\n<p>Donnerstag und Freitag waren freie Tage f\u00fcr mich und Karolina. An diesen Tagen konnten wir uns ausruhen und entspannen. Au\u00dfer mir, denn ich musste meinen Bachelor-Abschluss verteidigen und hatte eine Menge Probleme auf dem Weg zur\u00fcck nach Jelenia G\u00f3ra, denn es gab ein Problem mit allen Z\u00fcgen von und nach Wroc\u0142aw. Gl\u00fccklicherweise kam meine Mutter, um mich zu retten und fuhr mich zur\u00fcck nach Jelenia G\u00f3ra.     <\/p>\n\n<p>Am Donnerstag hatten wir auch die Gelegenheit, beim Fangen von Flederm\u00e4usen ein paar Dinge zu lernen. Es war eine tolle Erfahrung und wir hatten alle eine Menge Spa\u00df. Am Freitag sind Karolina und ich wandern gegangen. Wir legten 16 km zur\u00fcck und hatten auch das Gl\u00fcck, unterwegs ein Birkhuhn zu sehen. Es war schockierend.      <\/p>\n\n<p>Samstag war unser letzter Tag der Beobachtung. Karolina, Jacek und ich gingen nach &#8222;Gruszka&#8220; und &#8222;Mi\u0142ek&#8220;, leider konnten wir keine Schmetterlinge finden. Magda, \u0141ucja und Ola fuhren nach Bobr\u00f3w, Sobiesz und Podzamcze und fanden auch dort keine Schmetterlinge. Dieser letzte Tag war hart f\u00fcr uns, denn unsere Zeit als Freiwillige neigte sich dem Ende zu, aber wir hatten alle eine Menge Spa\u00df in all diesen Tagen und es war eine tolle Erfahrung.  <\/p>\n","protected":false},"excerpt":{"rendered":"<p>Dieser Beitrag wurde von Maria Gezela und Karolina Baranowska geschrieben und enth\u00e4lt einen Bericht \u00fcber ihre Erfahrungen als Freiwillige bei<\/p>\n","protected":false},"author":34,"featured_media":8071,"comment_status":"open","ping_status":"open","sticky":false,"template":"","format":"standard","meta":{"colormag_page_container_layout":"default_layout","colormag_page_sidebar_layout":"default_layout","ghostkit_customizer_options":"","ghostkit_custom_css":"","ghostkit_custom_js_head":"","ghostkit_custom_js_foot":"","ghostkit_typography":"","jetpack_post_was_ever_published":false,"_jetpack_newsletter_access":"","_jetpack_dont_email_post_to_subs":false,"_jetpack_newsletter_tier_id":0,"_jetpack_memberships_contains_paywalled_content":false,"_jetpack_memberships_contains_paid_content":false,"footnotes":"","jetpack_publicize_message":"","jetpack_publicize_feature_enabled":true,"jetpack_social_post_already_shared":true,"jetpack_social_options":{"image_generator_settings":{"template":"highway","default_image_id":0,"font":"","enabled":false},"version":2},"_wpas_customize_per_network":false},"categories":[56],"tags":[293],"class_list":["post-8630","post","type-post","status-publish","format-standard","has-post-thumbnail","hentry","category-projekteinblicke","tag-uberwachung"],"yoast_head":"<!-- This site is optimized with the Yoast SEO Premium plugin v27.4 (Yoast SEO v27.4) - https:\/\/yoast.com\/product\/yoast-seo-premium-wordpress\/ -->\n<title>Freiwilligenarbeit f\u00fcr Apollo in Polen - Parnassius apollo project LIFE Apollo2020<\/title>\n<meta name=\"robots\" content=\"index, follow, max-snippet:-1, max-image-preview:large, max-video-preview:-1\" \/>\n<link rel=\"canonical\" href=\"https:\/\/parnassius-apollo.life\/de\/freiwilligenarbeit-fuer-apollo-in-polen\" \/>\n<meta property=\"og:locale\" content=\"de_DE\" \/>\n<meta property=\"og:type\" content=\"article\" \/>\n<meta property=\"og:title\" content=\"Freiwilligenarbeit f\u00fcr Apollo in Polen\" \/>\n<meta property=\"og:description\" content=\"Dieser Beitrag wurde von Maria Gezela und Karolina Baranowska geschrieben und enth\u00e4lt einen Bericht \u00fcber ihre Erfahrungen als Freiwillige bei\" \/>\n<meta property=\"og:url\" content=\"https:\/\/parnassius-apollo.life\/de\/freiwilligenarbeit-fuer-apollo-in-polen\" \/>\n<meta property=\"og:site_name\" content=\"Parnassius apollo project LIFE Apollo2020\" \/>\n<meta property=\"article:published_time\" content=\"2024-11-30T18:38:57+00:00\" \/>\n<meta property=\"article:modified_time\" content=\"2025-02-10T10:32:08+00:00\" \/>\n<meta property=\"og:image\" content=\"https:\/\/i0.wp.com\/parnassius-apollo.life\/wp-content\/uploads\/2024\/08\/DSCF2497-scaled-1.jpg?fit=1600%2C1200&ssl=1\" \/>\n\t<meta property=\"og:image:width\" content=\"1600\" \/>\n\t<meta property=\"og:image:height\" content=\"1200\" \/>\n\t<meta property=\"og:image:type\" content=\"image\/jpeg\" \/>\n<meta name=\"author\" content=\"Morgan Rossberg\" \/>\n<meta name=\"twitter:card\" content=\"summary_large_image\" \/>\n<meta name=\"twitter:label1\" content=\"Verfasst von\" \/>\n\t<meta name=\"twitter:data1\" content=\"Morgan Rossberg\" \/>\n\t<meta name=\"twitter:label2\" content=\"Gesch\u00e4tzte Lesezeit\" \/>\n\t<meta name=\"twitter:data2\" content=\"5\u00a0Minuten\" \/>\n<script type=\"application\/ld+json\" class=\"yoast-schema-graph\">{\"@context\":\"https:\\\/\\\/schema.org\",\"@graph\":[{\"@type\":\"Article\",\"@id\":\"https:\\\/\\\/parnassius-apollo.life\\\/de\\\/freiwilligenarbeit-fuer-apollo-in-polen#article\",\"isPartOf\":{\"@id\":\"https:\\\/\\\/parnassius-apollo.life\\\/de\\\/freiwilligenarbeit-fuer-apollo-in-polen\"},\"author\":{\"name\":\"Morgan Rossberg\",\"@id\":\"https:\\\/\\\/parnassius-apollo.life\\\/de#\\\/schema\\\/person\\\/bc3cd77da895696f6b9ab18ceeeb0ff2\"},\"headline\":\"Freiwilligenarbeit f\u00fcr Apollo in Polen\",\"datePublished\":\"2024-11-30T18:38:57+00:00\",\"dateModified\":\"2025-02-10T10:32:08+00:00\",\"mainEntityOfPage\":{\"@id\":\"https:\\\/\\\/parnassius-apollo.life\\\/de\\\/freiwilligenarbeit-fuer-apollo-in-polen\"},\"wordCount\":972,\"commentCount\":0,\"publisher\":{\"@id\":\"https:\\\/\\\/parnassius-apollo.life\\\/de#organization\"},\"image\":{\"@id\":\"https:\\\/\\\/parnassius-apollo.life\\\/de\\\/freiwilligenarbeit-fuer-apollo-in-polen#primaryimage\"},\"thumbnailUrl\":\"https:\\\/\\\/i0.wp.com\\\/parnassius-apollo.life\\\/wp-content\\\/uploads\\\/2024\\\/08\\\/DSCF2497-scaled-1.jpg?fit=1600%2C1200&ssl=1\",\"keywords\":[\"\u00dcberwachung\"],\"articleSection\":[\"Projekteinblicke\"],\"inLanguage\":\"de\",\"potentialAction\":[{\"@type\":\"CommentAction\",\"name\":\"Comment\",\"target\":[\"https:\\\/\\\/parnassius-apollo.life\\\/de\\\/freiwilligenarbeit-fuer-apollo-in-polen#respond\"]}]},{\"@type\":\"WebPage\",\"@id\":\"https:\\\/\\\/parnassius-apollo.life\\\/de\\\/freiwilligenarbeit-fuer-apollo-in-polen\",\"url\":\"https:\\\/\\\/parnassius-apollo.life\\\/de\\\/freiwilligenarbeit-fuer-apollo-in-polen\",\"name\":\"Freiwilligenarbeit f\u00fcr Apollo in Polen - Parnassius apollo project LIFE Apollo2020\",\"isPartOf\":{\"@id\":\"https:\\\/\\\/parnassius-apollo.life\\\/de#website\"},\"primaryImageOfPage\":{\"@id\":\"https:\\\/\\\/parnassius-apollo.life\\\/de\\\/freiwilligenarbeit-fuer-apollo-in-polen#primaryimage\"},\"image\":{\"@id\":\"https:\\\/\\\/parnassius-apollo.life\\\/de\\\/freiwilligenarbeit-fuer-apollo-in-polen#primaryimage\"},\"thumbnailUrl\":\"https:\\\/\\\/i0.wp.com\\\/parnassius-apollo.life\\\/wp-content\\\/uploads\\\/2024\\\/08\\\/DSCF2497-scaled-1.jpg?fit=1600%2C1200&ssl=1\",\"datePublished\":\"2024-11-30T18:38:57+00:00\",\"dateModified\":\"2025-02-10T10:32:08+00:00\",\"breadcrumb\":{\"@id\":\"https:\\\/\\\/parnassius-apollo.life\\\/de\\\/freiwilligenarbeit-fuer-apollo-in-polen#breadcrumb\"},\"inLanguage\":\"de\",\"potentialAction\":[{\"@type\":\"ReadAction\",\"target\":[\"https:\\\/\\\/parnassius-apollo.life\\\/de\\\/freiwilligenarbeit-fuer-apollo-in-polen\"]}]},{\"@type\":\"ImageObject\",\"inLanguage\":\"de\",\"@id\":\"https:\\\/\\\/parnassius-apollo.life\\\/de\\\/freiwilligenarbeit-fuer-apollo-in-polen#primaryimage\",\"url\":\"https:\\\/\\\/i0.wp.com\\\/parnassius-apollo.life\\\/wp-content\\\/uploads\\\/2024\\\/08\\\/DSCF2497-scaled-1.jpg?fit=1600%2C1200&ssl=1\",\"contentUrl\":\"https:\\\/\\\/i0.wp.com\\\/parnassius-apollo.life\\\/wp-content\\\/uploads\\\/2024\\\/08\\\/DSCF2497-scaled-1.jpg?fit=1600%2C1200&ssl=1\",\"width\":1600,\"height\":1200},{\"@type\":\"BreadcrumbList\",\"@id\":\"https:\\\/\\\/parnassius-apollo.life\\\/de\\\/freiwilligenarbeit-fuer-apollo-in-polen#breadcrumb\",\"itemListElement\":[{\"@type\":\"ListItem\",\"position\":1,\"name\":\"Home\",\"item\":\"https:\\\/\\\/parnassius-apollo.life\\\/de\"},{\"@type\":\"ListItem\",\"position\":2,\"name\":\"Freiwilligenarbeit f\u00fcr Apollo in Polen\"}]},{\"@type\":\"WebSite\",\"@id\":\"https:\\\/\\\/parnassius-apollo.life\\\/de#website\",\"url\":\"https:\\\/\\\/parnassius-apollo.life\\\/de\",\"name\":\"Parnassius apollo project LIFE Apollo2020\",\"description\":\"Conservation of Parnassius apollo in Czechia, Poland and Austria\",\"publisher\":{\"@id\":\"https:\\\/\\\/parnassius-apollo.life\\\/de#organization\"},\"potentialAction\":[{\"@type\":\"SearchAction\",\"target\":{\"@type\":\"EntryPoint\",\"urlTemplate\":\"https:\\\/\\\/parnassius-apollo.life\\\/de?s={search_term_string}\"},\"query-input\":{\"@type\":\"PropertyValueSpecification\",\"valueRequired\":true,\"valueName\":\"search_term_string\"}}],\"inLanguage\":\"de\"},{\"@type\":\"Organization\",\"@id\":\"https:\\\/\\\/parnassius-apollo.life\\\/de#organization\",\"name\":\"LIFE Apollo 2020\",\"alternateName\":\"Parnassius Apollo LIFE Project\",\"url\":\"https:\\\/\\\/parnassius-apollo.life\\\/de\",\"logo\":{\"@type\":\"ImageObject\",\"inLanguage\":\"de\",\"@id\":\"https:\\\/\\\/parnassius-apollo.life\\\/de#\\\/schema\\\/logo\\\/image\\\/\",\"url\":\"https:\\\/\\\/i0.wp.com\\\/parnassius-apollo.life\\\/wp-content\\\/uploads\\\/2022\\\/05\\\/LIFE_Apollo_Final-e1651506328254.png?fit=127%2C150&ssl=1\",\"contentUrl\":\"https:\\\/\\\/i0.wp.com\\\/parnassius-apollo.life\\\/wp-content\\\/uploads\\\/2022\\\/05\\\/LIFE_Apollo_Final-e1651506328254.png?fit=127%2C150&ssl=1\",\"width\":127,\"height\":150,\"caption\":\"LIFE Apollo 2020\"},\"image\":{\"@id\":\"https:\\\/\\\/parnassius-apollo.life\\\/de#\\\/schema\\\/logo\\\/image\\\/\"},\"email\":\"info@apollo-2020.life\",\"legalName\":\"Karkonoski Park Narodowy\",\"numberOfEmployees\":{\"@type\":\"QuantitativeValue\",\"minValue\":\"51\",\"maxValue\":\"200\"}},{\"@type\":\"Person\",\"@id\":\"https:\\\/\\\/parnassius-apollo.life\\\/de#\\\/schema\\\/person\\\/bc3cd77da895696f6b9ab18ceeeb0ff2\",\"name\":\"Morgan Rossberg\",\"image\":{\"@type\":\"ImageObject\",\"inLanguage\":\"de\",\"@id\":\"https:\\\/\\\/secure.gravatar.com\\\/avatar\\\/33f64292b54e0fbcf090138e30e8e7b701413641d909b34cd98acc9f28a0abb0?s=96&d=mm&r=g\",\"url\":\"https:\\\/\\\/secure.gravatar.com\\\/avatar\\\/33f64292b54e0fbcf090138e30e8e7b701413641d909b34cd98acc9f28a0abb0?s=96&d=mm&r=g\",\"contentUrl\":\"https:\\\/\\\/secure.gravatar.com\\\/avatar\\\/33f64292b54e0fbcf090138e30e8e7b701413641d909b34cd98acc9f28a0abb0?s=96&d=mm&r=g\",\"caption\":\"Morgan Rossberg\"},\"url\":\"https:\\\/\\\/parnassius-apollo.life\\\/de\\\/author\\\/morgan\"}]}<\/script>\n<!-- \/ Yoast SEO Premium plugin. -->","yoast_head_json":{"title":"Freiwilligenarbeit f\u00fcr Apollo in Polen - Parnassius apollo project LIFE Apollo2020","robots":{"index":"index","follow":"follow","max-snippet":"max-snippet:-1","max-image-preview":"max-image-preview:large","max-video-preview":"max-video-preview:-1"},"canonical":"https:\/\/parnassius-apollo.life\/de\/freiwilligenarbeit-fuer-apollo-in-polen","og_locale":"de_DE","og_type":"article","og_title":"Freiwilligenarbeit f\u00fcr Apollo in Polen","og_description":"Dieser Beitrag wurde von Maria Gezela und Karolina Baranowska geschrieben und enth\u00e4lt einen Bericht \u00fcber ihre Erfahrungen als Freiwillige bei","og_url":"https:\/\/parnassius-apollo.life\/de\/freiwilligenarbeit-fuer-apollo-in-polen","og_site_name":"Parnassius apollo project LIFE Apollo2020","article_published_time":"2024-11-30T18:38:57+00:00","article_modified_time":"2025-02-10T10:32:08+00:00","og_image":[{"width":1600,"height":1200,"url":"https:\/\/i0.wp.com\/parnassius-apollo.life\/wp-content\/uploads\/2024\/08\/DSCF2497-scaled-1.jpg?fit=1600%2C1200&ssl=1","type":"image\/jpeg"}],"author":"Morgan Rossberg","twitter_card":"summary_large_image","twitter_misc":{"Verfasst von":"Morgan Rossberg","Gesch\u00e4tzte Lesezeit":"5\u00a0Minuten"},"schema":{"@context":"https:\/\/schema.org","@graph":[{"@type":"Article","@id":"https:\/\/parnassius-apollo.life\/de\/freiwilligenarbeit-fuer-apollo-in-polen#article","isPartOf":{"@id":"https:\/\/parnassius-apollo.life\/de\/freiwilligenarbeit-fuer-apollo-in-polen"},"author":{"name":"Morgan Rossberg","@id":"https:\/\/parnassius-apollo.life\/de#\/schema\/person\/bc3cd77da895696f6b9ab18ceeeb0ff2"},"headline":"Freiwilligenarbeit f\u00fcr Apollo in Polen","datePublished":"2024-11-30T18:38:57+00:00","dateModified":"2025-02-10T10:32:08+00:00","mainEntityOfPage":{"@id":"https:\/\/parnassius-apollo.life\/de\/freiwilligenarbeit-fuer-apollo-in-polen"},"wordCount":972,"commentCount":0,"publisher":{"@id":"https:\/\/parnassius-apollo.life\/de#organization"},"image":{"@id":"https:\/\/parnassius-apollo.life\/de\/freiwilligenarbeit-fuer-apollo-in-polen#primaryimage"},"thumbnailUrl":"https:\/\/i0.wp.com\/parnassius-apollo.life\/wp-content\/uploads\/2024\/08\/DSCF2497-scaled-1.jpg?fit=1600%2C1200&ssl=1","keywords":["\u00dcberwachung"],"articleSection":["Projekteinblicke"],"inLanguage":"de","potentialAction":[{"@type":"CommentAction","name":"Comment","target":["https:\/\/parnassius-apollo.life\/de\/freiwilligenarbeit-fuer-apollo-in-polen#respond"]}]},{"@type":"WebPage","@id":"https:\/\/parnassius-apollo.life\/de\/freiwilligenarbeit-fuer-apollo-in-polen","url":"https:\/\/parnassius-apollo.life\/de\/freiwilligenarbeit-fuer-apollo-in-polen","name":"Freiwilligenarbeit f\u00fcr Apollo in Polen - Parnassius apollo project LIFE Apollo2020","isPartOf":{"@id":"https:\/\/parnassius-apollo.life\/de#website"},"primaryImageOfPage":{"@id":"https:\/\/parnassius-apollo.life\/de\/freiwilligenarbeit-fuer-apollo-in-polen#primaryimage"},"image":{"@id":"https:\/\/parnassius-apollo.life\/de\/freiwilligenarbeit-fuer-apollo-in-polen#primaryimage"},"thumbnailUrl":"https:\/\/i0.wp.com\/parnassius-apollo.life\/wp-content\/uploads\/2024\/08\/DSCF2497-scaled-1.jpg?fit=1600%2C1200&ssl=1","datePublished":"2024-11-30T18:38:57+00:00","dateModified":"2025-02-10T10:32:08+00:00","breadcrumb":{"@id":"https:\/\/parnassius-apollo.life\/de\/freiwilligenarbeit-fuer-apollo-in-polen#breadcrumb"},"inLanguage":"de","potentialAction":[{"@type":"ReadAction","target":["https:\/\/parnassius-apollo.life\/de\/freiwilligenarbeit-fuer-apollo-in-polen"]}]},{"@type":"ImageObject","inLanguage":"de","@id":"https:\/\/parnassius-apollo.life\/de\/freiwilligenarbeit-fuer-apollo-in-polen#primaryimage","url":"https:\/\/i0.wp.com\/parnassius-apollo.life\/wp-content\/uploads\/2024\/08\/DSCF2497-scaled-1.jpg?fit=1600%2C1200&ssl=1","contentUrl":"https:\/\/i0.wp.com\/parnassius-apollo.life\/wp-content\/uploads\/2024\/08\/DSCF2497-scaled-1.jpg?fit=1600%2C1200&ssl=1","width":1600,"height":1200},{"@type":"BreadcrumbList","@id":"https:\/\/parnassius-apollo.life\/de\/freiwilligenarbeit-fuer-apollo-in-polen#breadcrumb","itemListElement":[{"@type":"ListItem","position":1,"name":"Home","item":"https:\/\/parnassius-apollo.life\/de"},{"@type":"ListItem","position":2,"name":"Freiwilligenarbeit f\u00fcr Apollo in Polen"}]},{"@type":"WebSite","@id":"https:\/\/parnassius-apollo.life\/de#website","url":"https:\/\/parnassius-apollo.life\/de","name":"Parnassius apollo project LIFE Apollo2020","description":"Conservation of Parnassius apollo in Czechia, Poland and Austria","publisher":{"@id":"https:\/\/parnassius-apollo.life\/de#organization"},"potentialAction":[{"@type":"SearchAction","target":{"@type":"EntryPoint","urlTemplate":"https:\/\/parnassius-apollo.life\/de?s={search_term_string}"},"query-input":{"@type":"PropertyValueSpecification","valueRequired":true,"valueName":"search_term_string"}}],"inLanguage":"de"},{"@type":"Organization","@id":"https:\/\/parnassius-apollo.life\/de#organization","name":"LIFE Apollo 2020","alternateName":"Parnassius Apollo LIFE Project","url":"https:\/\/parnassius-apollo.life\/de","logo":{"@type":"ImageObject","inLanguage":"de","@id":"https:\/\/parnassius-apollo.life\/de#\/schema\/logo\/image\/","url":"https:\/\/i0.wp.com\/parnassius-apollo.life\/wp-content\/uploads\/2022\/05\/LIFE_Apollo_Final-e1651506328254.png?fit=127%2C150&ssl=1","contentUrl":"https:\/\/i0.wp.com\/parnassius-apollo.life\/wp-content\/uploads\/2022\/05\/LIFE_Apollo_Final-e1651506328254.png?fit=127%2C150&ssl=1","width":127,"height":150,"caption":"LIFE Apollo 2020"},"image":{"@id":"https:\/\/parnassius-apollo.life\/de#\/schema\/logo\/image\/"},"email":"info@apollo-2020.life","legalName":"Karkonoski Park Narodowy","numberOfEmployees":{"@type":"QuantitativeValue","minValue":"51","maxValue":"200"}},{"@type":"Person","@id":"https:\/\/parnassius-apollo.life\/de#\/schema\/person\/bc3cd77da895696f6b9ab18ceeeb0ff2","name":"Morgan Rossberg","image":{"@type":"ImageObject","inLanguage":"de","@id":"https:\/\/secure.gravatar.com\/avatar\/33f64292b54e0fbcf090138e30e8e7b701413641d909b34cd98acc9f28a0abb0?s=96&d=mm&r=g","url":"https:\/\/secure.gravatar.com\/avatar\/33f64292b54e0fbcf090138e30e8e7b701413641d909b34cd98acc9f28a0abb0?s=96&d=mm&r=g","contentUrl":"https:\/\/secure.gravatar.com\/avatar\/33f64292b54e0fbcf090138e30e8e7b701413641d909b34cd98acc9f28a0abb0?s=96&d=mm&r=g","caption":"Morgan Rossberg"},"url":"https:\/\/parnassius-apollo.life\/de\/author\/morgan"}]}},"jetpack_publicize_connections":[],"jetpack_featured_media_url":"https:\/\/i0.wp.com\/parnassius-apollo.life\/wp-content\/uploads\/2024\/08\/DSCF2497-scaled-1.jpg?fit=1600%2C1200&ssl=1","jetpack_likes_enabled":true,"jetpack_sharing_enabled":true,"_links":{"self":[{"href":"https:\/\/parnassius-apollo.life\/de\/wp-json\/wp\/v2\/posts\/8630","targetHints":{"allow":["GET"]}}],"collection":[{"href":"https:\/\/parnassius-apollo.life\/de\/wp-json\/wp\/v2\/posts"}],"about":[{"href":"https:\/\/parnassius-apollo.life\/de\/wp-json\/wp\/v2\/types\/post"}],"author":[{"embeddable":true,"href":"https:\/\/parnassius-apollo.life\/de\/wp-json\/wp\/v2\/users\/34"}],"replies":[{"embeddable":true,"href":"https:\/\/parnassius-apollo.life\/de\/wp-json\/wp\/v2\/comments?post=8630"}],"version-history":[{"count":0,"href":"https:\/\/parnassius-apollo.life\/de\/wp-json\/wp\/v2\/posts\/8630\/revisions"}],"wp:featuredmedia":[{"embeddable":true,"href":"https:\/\/parnassius-apollo.life\/de\/wp-json\/wp\/v2\/media\/8071"}],"wp:attachment":[{"href":"https:\/\/parnassius-apollo.life\/de\/wp-json\/wp\/v2\/media?parent=8630"}],"wp:term":[{"taxonomy":"category","embeddable":true,"href":"https:\/\/parnassius-apollo.life\/de\/wp-json\/wp\/v2\/categories?post=8630"},{"taxonomy":"post_tag","embeddable":true,"href":"https:\/\/parnassius-apollo.life\/de\/wp-json\/wp\/v2\/tags?post=8630"}],"curies":[{"name":"wp","href":"https:\/\/api.w.org\/{rel}","templated":true}]}}