{"id":8569,"date":"2024-11-30T19:19:06","date_gmt":"2024-11-30T18:19:06","guid":{"rendered":"https:\/\/parnassius-apollo.life\/neues-zuhause-fuer-den-apollo-im-riesengebirge"},"modified":"2025-07-10T17:25:29","modified_gmt":"2025-07-10T15:25:29","slug":"neues-zuhause-fuer-den-apollo-im-riesengebirge","status":"publish","type":"post","link":"https:\/\/parnassius-apollo.life\/de\/neues-zuhause-fuer-den-apollo-im-riesengebirge","title":{"rendered":"Neues Zuhause f\u00fcr den Apollo im Riesengebirge"},"content":{"rendered":"\n<p>Im Juni wurde das Riesengebirge f\u00fcr kurze Zeit zur Heimat des sehr seltenen Apollo-Schmetterlings. Dieser Schmetterling ist ein Relikt aus der Eiszeit, und sein nat\u00fcrlicher Lebensraum besteht aus sonnenbeschienenen Bergfelsen mit einer F\u00fclle von bl\u00fchenden Pflanzen. Er verschwand vor fast einem Jahrhundert aus der tschechischen Natur, weil sein nat\u00fcrlicher Lebensraum verloren ging. Jetzt ist der Apollofalter sogar in unseren Nachbarl\u00e4ndern bedroht: in den slowakischen und polnischen Karpaten oder in den \u00f6sterreichischen Alpen. Ihr R\u00fcckgang wird auch durch den Klimawandel beschleunigt, denn es wird einfach zu warm f\u00fcr sie.    <\/p>\n\n<p class=\"has-central-palette-7-color has-text-color has-link-color has-medium-font-size wp-elements-23aab2c310c8726b7c7778f41f6b6064\">Schutzbem\u00fchungen zur Rettung des Parnassius Apollo<\/p>\n\n<p>Unsere Natursch\u00fctzer versuchen, diesen Populationsr\u00fcckgang umzukehren, indem sie die urspr\u00fcnglichen Lebensr\u00e4ume erhalten, aber sie arbeiten auch daran, neue, gesch\u00fctzte Lebensr\u00e4ume zu schaffen. Ein solcher Ort wurde jetzt im Riesengebirge eingerichtet. Seit August 2022 wird intensiv an der R\u00e4umung der Felsen gearbeitet, die als Ersatzhabitat f\u00fcr diese ikonischen Schmetterlinge dienen sollen. Schon bald tauchten in dem Gebiet viele bl\u00fchende Pflanzen auf und mit ihnen Schmetterlinge wie der im Riesengebirge vom Aussterben bedrohte kleine blaue Schmetterling, der Schwalbenschwanz, der Purpurkaiser und zahlreiche Ringeltauben.   <\/p>\n\n<figure class=\"wp-block-gallery has-nested-images columns-default is-cropped wp-block-gallery-1 is-layout-flex wp-block-gallery-is-layout-flex\">\n<figure class=\"wp-block-image size-large\"><img data-recalc-dims=\"1\" decoding=\"async\" src=\"https:\/\/i0.wp.com\/parnassius-apollo.life\/wp-content\/uploads\/2024\/08\/terenni-prace-20231-scaled-1.jpg?w=800&#038;ssl=1\" alt=\"\"\/><\/figure>\n\n\n\n<figure class=\"wp-block-image size-large\"><img data-recalc-dims=\"1\" decoding=\"async\" src=\"https:\/\/i0.wp.com\/parnassius-apollo.life\/wp-content\/uploads\/2024\/08\/IMG-20240613-WA0035-1-scaled-2.jpg?w=800&#038;ssl=1\" alt=\"\"\/><\/figure>\n<\/figure>\n\n<p class=\"has-central-palette-7-color has-text-color has-link-color has-medium-font-size wp-elements-587631bc54e92d283f1f839c34785d83\">Testen Sie den neuen Lebensraum: Freilassung von Schmetterlingen nur f\u00fcr M\u00e4nnchen<\/p>\n\n<p>Es war an der Zeit, den Ort von seinen zuk\u00fcnftigen Bewohnern testen zu lassen. Zu diesem Zweck wurden insgesamt 100 M\u00e4nnchen aus einem Rettungszuchtprogramm freigelassen, die ihre Fortpflanzungsfunktion bereits erf\u00fcllt hatten, um ihre Tage hier zu verbringen. Warum nur M\u00e4nnchen, werden Sie sich fragen? Sobald ein M\u00e4nnchen ein Weibchen befruchtet hat, hat es keine Aufgabe mehr, sich fortzupflanzen, w\u00e4hrend die Weibchen immer noch Eier f\u00fcr die n\u00e4chste Generation legen m\u00fcssen und f\u00fcr den Erhalt der Population unerl\u00e4sslich sind. Sollte die Freisetzung nicht gelingen, bliebe uns nichts \u00fcbrig, wenn wir die gesamte Population freilassen w\u00fcrden. Die Schmetterlinge wurden vor der Freilassung mit einem Marker nummeriert, sowohl zur \u00dcberwachung als auch um ihren Wert f\u00fcr potenzielle Sammler zu mindern.     <\/p>\n\n<p>Unsere Methode, nur M\u00e4nnchen freizulassen, stie\u00df kurz nach ihrer Ver\u00f6ffentlichung auf Skepsis. Es gab Spekulationen, dass die M\u00e4nnchen nach Weibchen suchen und den Ort verlassen w\u00fcrden, wodurch unsere Ergebnisse verf\u00e4lscht w\u00fcrden. Heute haben wir die Daten aus der wiederholten \u00dcberwachung durch Experten ausgewertet und k\u00f6nnen best\u00e4tigen, dass diese Theorien nicht zutrafen. Auch in der Natur schl\u00fcpfen die m\u00e4nnlichen Schmetterlinge einige Tage fr\u00fcher als die Weibchen und m\u00fcssen auf sie warten. Die M\u00e4nnchen verhielten sich w\u00e4hrend der drei Wochen regelm\u00e4\u00dfiger Beobachtung v\u00f6llig normal am Standort, ohne beobachtete &#8222;Fl\u00fcge&#8220; weg vom Standort, und sie blieben lange Zeit recht vital.    <\/p>\n\n<p class=\"has-central-palette-7-color has-text-color has-link-color has-medium-font-size wp-elements-100287713ed31544670cb452f0a65f83\">Positives Verhalten und Standortbindung<\/p>\n\n<p>Die Schmetterlinge zeigten ihr typisches Verhalten, darunter aktives Patrouillieren, Revierk\u00e4mpfe mit anderen M\u00e4nnchen und vor allem die Ausbreitung \u00fcber den Standort und die gleichm\u00e4\u00dfige Belegung des gesamten Gebiets mit h\u00e4ufigem Kontakt untereinander. Dies ist f\u00fcr sie von entscheidender Bedeutung, denn wie in der Praxis vielfach beobachtet wurde, f\u00fchrt dieses Ph\u00e4nomen zu einer st\u00e4rkeren Bindung der Schmetterlinge an den Standort. In menschlichen Worten ausgedr\u00fcckt, sagt ihre Logik: &#8222;Hier gibt es viele andere Schmetterlinge, also muss es auch mehr Weibchen geben, und das gef\u00e4llt mir.&#8220; In diesem Fall haben wir die armen M\u00e4nnchen nat\u00fcrlich ein wenig ausgetrickst. Die positiven \u00dcberwachungsergebnisse zeigen jedoch, dass die Apollos unsere List nicht durchschaut haben.    <\/p>\n\n<figure class=\"wp-block-gallery has-nested-images columns-default is-cropped wp-block-gallery-2 is-layout-flex wp-block-gallery-is-layout-flex\">\n<figure class=\"wp-block-image size-large\"><img data-recalc-dims=\"1\" decoding=\"async\" src=\"https:\/\/i0.wp.com\/parnassius-apollo.life\/wp-content\/uploads\/2024\/08\/DSC03044A-scaled-1.jpg?w=800&#038;ssl=1\" alt=\"\"\/><\/figure>\n\n\n\n<figure class=\"wp-block-image size-large\"><img data-recalc-dims=\"1\" decoding=\"async\" src=\"https:\/\/i0.wp.com\/parnassius-apollo.life\/wp-content\/uploads\/2024\/08\/IMG-20240613-WA0041-scaled-1.jpg?w=800&#038;ssl=1\" alt=\"\"\/><\/figure>\n<\/figure>\n\n<p>Zusammenfassend l\u00e4sst sich sagen, dass die \u00dcberwachung absolut gro\u00dfartige Ergebnisse gezeigt hat, so dass wir den Managementteil des Projekts, der sich auf die erwachsenen Tiere konzentriert, als erfolgreich betrachten k\u00f6nnen (auch wenn er noch nicht abgeschlossen ist!). Das ist jedoch noch nicht das Ende der Fahnenstange, denn es muss noch gen\u00fcgend Platz f\u00fcr die Wirtspflanzen der Apollofalter geschaffen werden. Dies ist ein weiterer Grund, warum wir die Schmetterlinge noch nicht vollst\u00e4ndig freigelassen haben. Damit dieser anspruchsvolle Schmetterling im Riesengebirge gedeihen kann, muss alles perfekt sein.  <\/p>\n","protected":false},"excerpt":{"rendered":"<p>Im Juni wurde das Riesengebirge f\u00fcr kurze Zeit zur Heimat des sehr seltenen Apollo-Schmetterlings. Dieser Schmetterling ist ein Relikt aus<\/p>\n","protected":false},"author":33,"featured_media":8065,"comment_status":"open","ping_status":"open","sticky":false,"template":"","format":"standard","meta":{"colormag_page_container_layout":"default_layout","colormag_page_sidebar_layout":"default_layout","ghostkit_customizer_options":"","ghostkit_custom_css":"","ghostkit_custom_js_head":"","ghostkit_custom_js_foot":"","ghostkit_typography":"","jetpack_post_was_ever_published":false,"_jetpack_newsletter_access":"","_jetpack_dont_email_post_to_subs":false,"_jetpack_newsletter_tier_id":0,"_jetpack_memberships_contains_paywalled_content":false,"_jetpack_memberships_contains_paid_content":false,"footnotes":"","jetpack_publicize_message":"","jetpack_publicize_feature_enabled":true,"jetpack_social_post_already_shared":true,"jetpack_social_options":{"image_generator_settings":{"template":"highway","default_image_id":0,"font":"","enabled":false},"version":2},"_wpas_customize_per_network":false},"categories":[256],"tags":[296,269,274],"class_list":["post-8569","post","type-post","status-publish","format-standard","has-post-thumbnail","hentry","category-uberwachung","tag-lebensraum-restaurierung","tag-parnassius-apollo-de","tag-tschechien"],"yoast_head":"<!-- This site is optimized with the Yoast SEO Premium plugin v27.4 (Yoast SEO v27.4) - https:\/\/yoast.com\/product\/yoast-seo-premium-wordpress\/ -->\n<title>Neues Zuhause f\u00fcr den Apollo im Riesengebirge - Parnassius apollo project LIFE Apollo2020<\/title>\n<meta name=\"description\" content=\"Im Juni wurde das Riesengebirge f\u00fcr kurze Zeit zur Heimat des sehr seltenen Apollo-Schmetterlings. Dieser Schmetterling ist ein Relikt aus der Eiszeit, und sein nat\u00fcrlicher Lebensraum besteht aus sonnenbeschienenen Bergfelsen mit einer F\u00fclle von bl\u00fchenden Pflanzen. Er verschwand vor fast einem Jahrhundert aus der tschechischen Natur, weil sein nat\u00fcrlicher Lebensraum verloren ging. Jetzt ist der Apollofalter sogar in unseren Nachbarl\u00e4ndern bedroht: in den slowakischen und polnischen Karpaten oder in den \u00f6sterreichischen Alpen. Ihr R\u00fcckgang wird auch durch den Klimawandel beschleunigt, denn es wird einfach zu warm f\u00fcr sie.\" \/>\n<meta name=\"robots\" content=\"index, follow, max-snippet:-1, max-image-preview:large, max-video-preview:-1\" \/>\n<link rel=\"canonical\" href=\"https:\/\/parnassius-apollo.life\/de\/neues-zuhause-fuer-den-apollo-im-riesengebirge\" \/>\n<meta property=\"og:locale\" content=\"de_DE\" \/>\n<meta property=\"og:type\" content=\"article\" \/>\n<meta property=\"og:title\" content=\"Neues Zuhause f\u00fcr den Apollo im Riesengebirge\" \/>\n<meta property=\"og:description\" content=\"Im Juni wurde das Riesengebirge f\u00fcr kurze Zeit zur Heimat des sehr seltenen Apollo-Schmetterlings. Dieser Schmetterling ist ein Relikt aus der Eiszeit, und sein nat\u00fcrlicher Lebensraum besteht aus sonnenbeschienenen Bergfelsen mit einer F\u00fclle von bl\u00fchenden Pflanzen. Er verschwand vor fast einem Jahrhundert aus der tschechischen Natur, weil sein nat\u00fcrlicher Lebensraum verloren ging. Jetzt ist der Apollofalter sogar in unseren Nachbarl\u00e4ndern bedroht: in den slowakischen und polnischen Karpaten oder in den \u00f6sterreichischen Alpen. Ihr R\u00fcckgang wird auch durch den Klimawandel beschleunigt, denn es wird einfach zu warm f\u00fcr sie.\" \/>\n<meta property=\"og:url\" content=\"https:\/\/parnassius-apollo.life\/de\/neues-zuhause-fuer-den-apollo-im-riesengebirge\" \/>\n<meta property=\"og:site_name\" content=\"Parnassius apollo project LIFE Apollo2020\" \/>\n<meta property=\"article:published_time\" content=\"2024-11-30T18:19:06+00:00\" \/>\n<meta property=\"article:modified_time\" content=\"2025-07-10T15:25:29+00:00\" \/>\n<meta property=\"og:image\" content=\"https:\/\/parnassius-apollo.life\/wp-content\/uploads\/2024\/09\/IMG-20240802-WA0013-scaled-2.jpg\" \/>\n\t<meta property=\"og:image:width\" content=\"1600\" \/>\n\t<meta property=\"og:image:height\" content=\"1200\" \/>\n\t<meta property=\"og:image:type\" content=\"image\/jpeg\" \/>\n<meta name=\"author\" content=\"Laura Rossberg\" \/>\n<meta name=\"twitter:card\" content=\"summary_large_image\" \/>\n<meta name=\"twitter:label1\" content=\"Verfasst von\" \/>\n\t<meta name=\"twitter:data1\" content=\"Laura Rossberg\" \/>\n\t<meta name=\"twitter:label2\" content=\"Gesch\u00e4tzte Lesezeit\" \/>\n\t<meta name=\"twitter:data2\" content=\"3\u00a0Minuten\" \/>\n<script type=\"application\/ld+json\" class=\"yoast-schema-graph\">{\"@context\":\"https:\\\/\\\/schema.org\",\"@graph\":[{\"@type\":\"Article\",\"@id\":\"https:\\\/\\\/parnassius-apollo.life\\\/de\\\/neues-zuhause-fuer-den-apollo-im-riesengebirge#article\",\"isPartOf\":{\"@id\":\"https:\\\/\\\/parnassius-apollo.life\\\/de\\\/neues-zuhause-fuer-den-apollo-im-riesengebirge\"},\"author\":{\"name\":\"Laura Rossberg\",\"@id\":\"https:\\\/\\\/parnassius-apollo.life\\\/de#\\\/schema\\\/person\\\/d2f73fe23bd92f4b07851cd37077efa1\"},\"headline\":\"Neues Zuhause f\u00fcr den Apollo im Riesengebirge\",\"datePublished\":\"2024-11-30T18:19:06+00:00\",\"dateModified\":\"2025-07-10T15:25:29+00:00\",\"mainEntityOfPage\":{\"@id\":\"https:\\\/\\\/parnassius-apollo.life\\\/de\\\/neues-zuhause-fuer-den-apollo-im-riesengebirge\"},\"wordCount\":671,\"commentCount\":0,\"publisher\":{\"@id\":\"https:\\\/\\\/parnassius-apollo.life\\\/de#organization\"},\"image\":{\"@id\":\"https:\\\/\\\/parnassius-apollo.life\\\/de\\\/neues-zuhause-fuer-den-apollo-im-riesengebirge#primaryimage\"},\"thumbnailUrl\":\"https:\\\/\\\/i0.wp.com\\\/parnassius-apollo.life\\\/wp-content\\\/uploads\\\/2024\\\/09\\\/IMG-20240802-WA0013-scaled-2.jpg?fit=1600%2C1200&ssl=1\",\"keywords\":[\"Lebensraum-Restaurierung\",\"Parnassius Apollo\",\"Tschechien\"],\"articleSection\":[\"\u00dcberwachung\"],\"inLanguage\":\"de\",\"potentialAction\":[{\"@type\":\"CommentAction\",\"name\":\"Comment\",\"target\":[\"https:\\\/\\\/parnassius-apollo.life\\\/de\\\/neues-zuhause-fuer-den-apollo-im-riesengebirge#respond\"]}]},{\"@type\":\"WebPage\",\"@id\":\"https:\\\/\\\/parnassius-apollo.life\\\/de\\\/neues-zuhause-fuer-den-apollo-im-riesengebirge\",\"url\":\"https:\\\/\\\/parnassius-apollo.life\\\/de\\\/neues-zuhause-fuer-den-apollo-im-riesengebirge\",\"name\":\"Neues Zuhause f\u00fcr den Apollo im Riesengebirge - Parnassius apollo project LIFE Apollo2020\",\"isPartOf\":{\"@id\":\"https:\\\/\\\/parnassius-apollo.life\\\/de#website\"},\"primaryImageOfPage\":{\"@id\":\"https:\\\/\\\/parnassius-apollo.life\\\/de\\\/neues-zuhause-fuer-den-apollo-im-riesengebirge#primaryimage\"},\"image\":{\"@id\":\"https:\\\/\\\/parnassius-apollo.life\\\/de\\\/neues-zuhause-fuer-den-apollo-im-riesengebirge#primaryimage\"},\"thumbnailUrl\":\"https:\\\/\\\/i0.wp.com\\\/parnassius-apollo.life\\\/wp-content\\\/uploads\\\/2024\\\/09\\\/IMG-20240802-WA0013-scaled-2.jpg?fit=1600%2C1200&ssl=1\",\"datePublished\":\"2024-11-30T18:19:06+00:00\",\"dateModified\":\"2025-07-10T15:25:29+00:00\",\"description\":\"Im Juni wurde das Riesengebirge f\u00fcr kurze Zeit zur Heimat des sehr seltenen Apollo-Schmetterlings. Dieser Schmetterling ist ein Relikt aus der Eiszeit, und sein nat\u00fcrlicher Lebensraum besteht aus sonnenbeschienenen Bergfelsen mit einer F\u00fclle von bl\u00fchenden Pflanzen. Er verschwand vor fast einem Jahrhundert aus der tschechischen Natur, weil sein nat\u00fcrlicher Lebensraum verloren ging. Jetzt ist der Apollofalter sogar in unseren Nachbarl\u00e4ndern bedroht: in den slowakischen und polnischen Karpaten oder in den \u00f6sterreichischen Alpen. Ihr R\u00fcckgang wird auch durch den Klimawandel beschleunigt, denn es wird einfach zu warm f\u00fcr sie.\",\"breadcrumb\":{\"@id\":\"https:\\\/\\\/parnassius-apollo.life\\\/de\\\/neues-zuhause-fuer-den-apollo-im-riesengebirge#breadcrumb\"},\"inLanguage\":\"de\",\"potentialAction\":[{\"@type\":\"ReadAction\",\"target\":[\"https:\\\/\\\/parnassius-apollo.life\\\/de\\\/neues-zuhause-fuer-den-apollo-im-riesengebirge\"]}]},{\"@type\":\"ImageObject\",\"inLanguage\":\"de\",\"@id\":\"https:\\\/\\\/parnassius-apollo.life\\\/de\\\/neues-zuhause-fuer-den-apollo-im-riesengebirge#primaryimage\",\"url\":\"https:\\\/\\\/i0.wp.com\\\/parnassius-apollo.life\\\/wp-content\\\/uploads\\\/2024\\\/09\\\/IMG-20240802-WA0013-scaled-2.jpg?fit=1600%2C1200&ssl=1\",\"contentUrl\":\"https:\\\/\\\/i0.wp.com\\\/parnassius-apollo.life\\\/wp-content\\\/uploads\\\/2024\\\/09\\\/IMG-20240802-WA0013-scaled-2.jpg?fit=1600%2C1200&ssl=1\",\"width\":1600,\"height\":1200},{\"@type\":\"BreadcrumbList\",\"@id\":\"https:\\\/\\\/parnassius-apollo.life\\\/de\\\/neues-zuhause-fuer-den-apollo-im-riesengebirge#breadcrumb\",\"itemListElement\":[{\"@type\":\"ListItem\",\"position\":1,\"name\":\"Home\",\"item\":\"https:\\\/\\\/parnassius-apollo.life\\\/de\"},{\"@type\":\"ListItem\",\"position\":2,\"name\":\"Neues Zuhause f\u00fcr den Apollo im Riesengebirge\"}]},{\"@type\":\"WebSite\",\"@id\":\"https:\\\/\\\/parnassius-apollo.life\\\/de#website\",\"url\":\"https:\\\/\\\/parnassius-apollo.life\\\/de\",\"name\":\"Parnassius apollo project LIFE Apollo2020\",\"description\":\"Conservation of Parnassius apollo in Czechia, Poland and Austria\",\"publisher\":{\"@id\":\"https:\\\/\\\/parnassius-apollo.life\\\/de#organization\"},\"potentialAction\":[{\"@type\":\"SearchAction\",\"target\":{\"@type\":\"EntryPoint\",\"urlTemplate\":\"https:\\\/\\\/parnassius-apollo.life\\\/de?s={search_term_string}\"},\"query-input\":{\"@type\":\"PropertyValueSpecification\",\"valueRequired\":true,\"valueName\":\"search_term_string\"}}],\"inLanguage\":\"de\"},{\"@type\":\"Organization\",\"@id\":\"https:\\\/\\\/parnassius-apollo.life\\\/de#organization\",\"name\":\"LIFE Apollo 2020\",\"alternateName\":\"Parnassius Apollo LIFE Project\",\"url\":\"https:\\\/\\\/parnassius-apollo.life\\\/de\",\"logo\":{\"@type\":\"ImageObject\",\"inLanguage\":\"de\",\"@id\":\"https:\\\/\\\/parnassius-apollo.life\\\/de#\\\/schema\\\/logo\\\/image\\\/\",\"url\":\"https:\\\/\\\/i0.wp.com\\\/parnassius-apollo.life\\\/wp-content\\\/uploads\\\/2022\\\/05\\\/LIFE_Apollo_Final-e1651506328254.png?fit=127%2C150&ssl=1\",\"contentUrl\":\"https:\\\/\\\/i0.wp.com\\\/parnassius-apollo.life\\\/wp-content\\\/uploads\\\/2022\\\/05\\\/LIFE_Apollo_Final-e1651506328254.png?fit=127%2C150&ssl=1\",\"width\":127,\"height\":150,\"caption\":\"LIFE Apollo 2020\"},\"image\":{\"@id\":\"https:\\\/\\\/parnassius-apollo.life\\\/de#\\\/schema\\\/logo\\\/image\\\/\"},\"email\":\"info@apollo-2020.life\",\"legalName\":\"Karkonoski Park Narodowy\",\"numberOfEmployees\":{\"@type\":\"QuantitativeValue\",\"minValue\":\"51\",\"maxValue\":\"200\"}},{\"@type\":\"Person\",\"@id\":\"https:\\\/\\\/parnassius-apollo.life\\\/de#\\\/schema\\\/person\\\/d2f73fe23bd92f4b07851cd37077efa1\",\"name\":\"Laura Rossberg\",\"image\":{\"@type\":\"ImageObject\",\"inLanguage\":\"de\",\"@id\":\"https:\\\/\\\/secure.gravatar.com\\\/avatar\\\/bd7a654df2848050c46a6939ad761f51c6fdf63026ebade03e5fb26569e330af?s=96&d=mm&r=g\",\"url\":\"https:\\\/\\\/secure.gravatar.com\\\/avatar\\\/bd7a654df2848050c46a6939ad761f51c6fdf63026ebade03e5fb26569e330af?s=96&d=mm&r=g\",\"contentUrl\":\"https:\\\/\\\/secure.gravatar.com\\\/avatar\\\/bd7a654df2848050c46a6939ad761f51c6fdf63026ebade03e5fb26569e330af?s=96&d=mm&r=g\",\"caption\":\"Laura Rossberg\"},\"url\":\"https:\\\/\\\/parnassius-apollo.life\\\/de\\\/author\\\/laura-rossberg\"}]}<\/script>\n<!-- \/ Yoast SEO Premium plugin. -->","yoast_head_json":{"title":"Neues Zuhause f\u00fcr den Apollo im Riesengebirge - Parnassius apollo project LIFE Apollo2020","description":"Im Juni wurde das Riesengebirge f\u00fcr kurze Zeit zur Heimat des sehr seltenen Apollo-Schmetterlings. Dieser Schmetterling ist ein Relikt aus der Eiszeit, und sein nat\u00fcrlicher Lebensraum besteht aus sonnenbeschienenen Bergfelsen mit einer F\u00fclle von bl\u00fchenden Pflanzen. Er verschwand vor fast einem Jahrhundert aus der tschechischen Natur, weil sein nat\u00fcrlicher Lebensraum verloren ging. Jetzt ist der Apollofalter sogar in unseren Nachbarl\u00e4ndern bedroht: in den slowakischen und polnischen Karpaten oder in den \u00f6sterreichischen Alpen. Ihr R\u00fcckgang wird auch durch den Klimawandel beschleunigt, denn es wird einfach zu warm f\u00fcr sie.","robots":{"index":"index","follow":"follow","max-snippet":"max-snippet:-1","max-image-preview":"max-image-preview:large","max-video-preview":"max-video-preview:-1"},"canonical":"https:\/\/parnassius-apollo.life\/de\/neues-zuhause-fuer-den-apollo-im-riesengebirge","og_locale":"de_DE","og_type":"article","og_title":"Neues Zuhause f\u00fcr den Apollo im Riesengebirge","og_description":"Im Juni wurde das Riesengebirge f\u00fcr kurze Zeit zur Heimat des sehr seltenen Apollo-Schmetterlings. Dieser Schmetterling ist ein Relikt aus der Eiszeit, und sein nat\u00fcrlicher Lebensraum besteht aus sonnenbeschienenen Bergfelsen mit einer F\u00fclle von bl\u00fchenden Pflanzen. Er verschwand vor fast einem Jahrhundert aus der tschechischen Natur, weil sein nat\u00fcrlicher Lebensraum verloren ging. Jetzt ist der Apollofalter sogar in unseren Nachbarl\u00e4ndern bedroht: in den slowakischen und polnischen Karpaten oder in den \u00f6sterreichischen Alpen. Ihr R\u00fcckgang wird auch durch den Klimawandel beschleunigt, denn es wird einfach zu warm f\u00fcr sie.","og_url":"https:\/\/parnassius-apollo.life\/de\/neues-zuhause-fuer-den-apollo-im-riesengebirge","og_site_name":"Parnassius apollo project LIFE Apollo2020","article_published_time":"2024-11-30T18:19:06+00:00","article_modified_time":"2025-07-10T15:25:29+00:00","og_image":[{"width":1600,"height":1200,"url":"https:\/\/parnassius-apollo.life\/wp-content\/uploads\/2024\/09\/IMG-20240802-WA0013-scaled-2.jpg","type":"image\/jpeg"}],"author":"Laura Rossberg","twitter_card":"summary_large_image","twitter_misc":{"Verfasst von":"Laura Rossberg","Gesch\u00e4tzte Lesezeit":"3\u00a0Minuten"},"schema":{"@context":"https:\/\/schema.org","@graph":[{"@type":"Article","@id":"https:\/\/parnassius-apollo.life\/de\/neues-zuhause-fuer-den-apollo-im-riesengebirge#article","isPartOf":{"@id":"https:\/\/parnassius-apollo.life\/de\/neues-zuhause-fuer-den-apollo-im-riesengebirge"},"author":{"name":"Laura Rossberg","@id":"https:\/\/parnassius-apollo.life\/de#\/schema\/person\/d2f73fe23bd92f4b07851cd37077efa1"},"headline":"Neues Zuhause f\u00fcr den Apollo im Riesengebirge","datePublished":"2024-11-30T18:19:06+00:00","dateModified":"2025-07-10T15:25:29+00:00","mainEntityOfPage":{"@id":"https:\/\/parnassius-apollo.life\/de\/neues-zuhause-fuer-den-apollo-im-riesengebirge"},"wordCount":671,"commentCount":0,"publisher":{"@id":"https:\/\/parnassius-apollo.life\/de#organization"},"image":{"@id":"https:\/\/parnassius-apollo.life\/de\/neues-zuhause-fuer-den-apollo-im-riesengebirge#primaryimage"},"thumbnailUrl":"https:\/\/i0.wp.com\/parnassius-apollo.life\/wp-content\/uploads\/2024\/09\/IMG-20240802-WA0013-scaled-2.jpg?fit=1600%2C1200&ssl=1","keywords":["Lebensraum-Restaurierung","Parnassius Apollo","Tschechien"],"articleSection":["\u00dcberwachung"],"inLanguage":"de","potentialAction":[{"@type":"CommentAction","name":"Comment","target":["https:\/\/parnassius-apollo.life\/de\/neues-zuhause-fuer-den-apollo-im-riesengebirge#respond"]}]},{"@type":"WebPage","@id":"https:\/\/parnassius-apollo.life\/de\/neues-zuhause-fuer-den-apollo-im-riesengebirge","url":"https:\/\/parnassius-apollo.life\/de\/neues-zuhause-fuer-den-apollo-im-riesengebirge","name":"Neues Zuhause f\u00fcr den Apollo im Riesengebirge - Parnassius apollo project LIFE Apollo2020","isPartOf":{"@id":"https:\/\/parnassius-apollo.life\/de#website"},"primaryImageOfPage":{"@id":"https:\/\/parnassius-apollo.life\/de\/neues-zuhause-fuer-den-apollo-im-riesengebirge#primaryimage"},"image":{"@id":"https:\/\/parnassius-apollo.life\/de\/neues-zuhause-fuer-den-apollo-im-riesengebirge#primaryimage"},"thumbnailUrl":"https:\/\/i0.wp.com\/parnassius-apollo.life\/wp-content\/uploads\/2024\/09\/IMG-20240802-WA0013-scaled-2.jpg?fit=1600%2C1200&ssl=1","datePublished":"2024-11-30T18:19:06+00:00","dateModified":"2025-07-10T15:25:29+00:00","description":"Im Juni wurde das Riesengebirge f\u00fcr kurze Zeit zur Heimat des sehr seltenen Apollo-Schmetterlings. Dieser Schmetterling ist ein Relikt aus der Eiszeit, und sein nat\u00fcrlicher Lebensraum besteht aus sonnenbeschienenen Bergfelsen mit einer F\u00fclle von bl\u00fchenden Pflanzen. Er verschwand vor fast einem Jahrhundert aus der tschechischen Natur, weil sein nat\u00fcrlicher Lebensraum verloren ging. Jetzt ist der Apollofalter sogar in unseren Nachbarl\u00e4ndern bedroht: in den slowakischen und polnischen Karpaten oder in den \u00f6sterreichischen Alpen. Ihr R\u00fcckgang wird auch durch den Klimawandel beschleunigt, denn es wird einfach zu warm f\u00fcr sie.","breadcrumb":{"@id":"https:\/\/parnassius-apollo.life\/de\/neues-zuhause-fuer-den-apollo-im-riesengebirge#breadcrumb"},"inLanguage":"de","potentialAction":[{"@type":"ReadAction","target":["https:\/\/parnassius-apollo.life\/de\/neues-zuhause-fuer-den-apollo-im-riesengebirge"]}]},{"@type":"ImageObject","inLanguage":"de","@id":"https:\/\/parnassius-apollo.life\/de\/neues-zuhause-fuer-den-apollo-im-riesengebirge#primaryimage","url":"https:\/\/i0.wp.com\/parnassius-apollo.life\/wp-content\/uploads\/2024\/09\/IMG-20240802-WA0013-scaled-2.jpg?fit=1600%2C1200&ssl=1","contentUrl":"https:\/\/i0.wp.com\/parnassius-apollo.life\/wp-content\/uploads\/2024\/09\/IMG-20240802-WA0013-scaled-2.jpg?fit=1600%2C1200&ssl=1","width":1600,"height":1200},{"@type":"BreadcrumbList","@id":"https:\/\/parnassius-apollo.life\/de\/neues-zuhause-fuer-den-apollo-im-riesengebirge#breadcrumb","itemListElement":[{"@type":"ListItem","position":1,"name":"Home","item":"https:\/\/parnassius-apollo.life\/de"},{"@type":"ListItem","position":2,"name":"Neues Zuhause f\u00fcr den Apollo im Riesengebirge"}]},{"@type":"WebSite","@id":"https:\/\/parnassius-apollo.life\/de#website","url":"https:\/\/parnassius-apollo.life\/de","name":"Parnassius apollo project LIFE Apollo2020","description":"Conservation of Parnassius apollo in Czechia, Poland and Austria","publisher":{"@id":"https:\/\/parnassius-apollo.life\/de#organization"},"potentialAction":[{"@type":"SearchAction","target":{"@type":"EntryPoint","urlTemplate":"https:\/\/parnassius-apollo.life\/de?s={search_term_string}"},"query-input":{"@type":"PropertyValueSpecification","valueRequired":true,"valueName":"search_term_string"}}],"inLanguage":"de"},{"@type":"Organization","@id":"https:\/\/parnassius-apollo.life\/de#organization","name":"LIFE Apollo 2020","alternateName":"Parnassius Apollo LIFE Project","url":"https:\/\/parnassius-apollo.life\/de","logo":{"@type":"ImageObject","inLanguage":"de","@id":"https:\/\/parnassius-apollo.life\/de#\/schema\/logo\/image\/","url":"https:\/\/i0.wp.com\/parnassius-apollo.life\/wp-content\/uploads\/2022\/05\/LIFE_Apollo_Final-e1651506328254.png?fit=127%2C150&ssl=1","contentUrl":"https:\/\/i0.wp.com\/parnassius-apollo.life\/wp-content\/uploads\/2022\/05\/LIFE_Apollo_Final-e1651506328254.png?fit=127%2C150&ssl=1","width":127,"height":150,"caption":"LIFE Apollo 2020"},"image":{"@id":"https:\/\/parnassius-apollo.life\/de#\/schema\/logo\/image\/"},"email":"info@apollo-2020.life","legalName":"Karkonoski Park Narodowy","numberOfEmployees":{"@type":"QuantitativeValue","minValue":"51","maxValue":"200"}},{"@type":"Person","@id":"https:\/\/parnassius-apollo.life\/de#\/schema\/person\/d2f73fe23bd92f4b07851cd37077efa1","name":"Laura Rossberg","image":{"@type":"ImageObject","inLanguage":"de","@id":"https:\/\/secure.gravatar.com\/avatar\/bd7a654df2848050c46a6939ad761f51c6fdf63026ebade03e5fb26569e330af?s=96&d=mm&r=g","url":"https:\/\/secure.gravatar.com\/avatar\/bd7a654df2848050c46a6939ad761f51c6fdf63026ebade03e5fb26569e330af?s=96&d=mm&r=g","contentUrl":"https:\/\/secure.gravatar.com\/avatar\/bd7a654df2848050c46a6939ad761f51c6fdf63026ebade03e5fb26569e330af?s=96&d=mm&r=g","caption":"Laura Rossberg"},"url":"https:\/\/parnassius-apollo.life\/de\/author\/laura-rossberg"}]}},"jetpack_publicize_connections":[],"jetpack_featured_media_url":"https:\/\/i0.wp.com\/parnassius-apollo.life\/wp-content\/uploads\/2024\/09\/IMG-20240802-WA0013-scaled-2.jpg?fit=1600%2C1200&ssl=1","jetpack_likes_enabled":true,"jetpack_sharing_enabled":true,"_links":{"self":[{"href":"https:\/\/parnassius-apollo.life\/de\/wp-json\/wp\/v2\/posts\/8569","targetHints":{"allow":["GET"]}}],"collection":[{"href":"https:\/\/parnassius-apollo.life\/de\/wp-json\/wp\/v2\/posts"}],"about":[{"href":"https:\/\/parnassius-apollo.life\/de\/wp-json\/wp\/v2\/types\/post"}],"author":[{"embeddable":true,"href":"https:\/\/parnassius-apollo.life\/de\/wp-json\/wp\/v2\/users\/33"}],"replies":[{"embeddable":true,"href":"https:\/\/parnassius-apollo.life\/de\/wp-json\/wp\/v2\/comments?post=8569"}],"version-history":[{"count":0,"href":"https:\/\/parnassius-apollo.life\/de\/wp-json\/wp\/v2\/posts\/8569\/revisions"}],"wp:featuredmedia":[{"embeddable":true,"href":"https:\/\/parnassius-apollo.life\/de\/wp-json\/wp\/v2\/media\/8065"}],"wp:attachment":[{"href":"https:\/\/parnassius-apollo.life\/de\/wp-json\/wp\/v2\/media?parent=8569"}],"wp:term":[{"taxonomy":"category","embeddable":true,"href":"https:\/\/parnassius-apollo.life\/de\/wp-json\/wp\/v2\/categories?post=8569"},{"taxonomy":"post_tag","embeddable":true,"href":"https:\/\/parnassius-apollo.life\/de\/wp-json\/wp\/v2\/tags?post=8569"}],"curies":[{"name":"wp","href":"https:\/\/api.w.org\/{rel}","templated":true}]}}