{"id":8550,"date":"2024-11-30T19:08:18","date_gmt":"2024-11-30T18:08:18","guid":{"rendered":"https:\/\/parnassius-apollo.life\/gaerten-fuer-apollo-etwas-fuer-schmetterlinge-raupen-und-menschen"},"modified":"2025-07-10T17:25:23","modified_gmt":"2025-07-10T15:25:23","slug":"gaerten-fuer-apollo-etwas-fuer-schmetterlinge-raupen-und-menschen","status":"publish","type":"post","link":"https:\/\/parnassius-apollo.life\/de\/gaerten-fuer-apollo-etwas-fuer-schmetterlinge-raupen-und-menschen","title":{"rendered":"G\u00e4rten f\u00fcr Apollo: Etwas f\u00fcr Schmetterlinge, Raupen und Menschen"},"content":{"rendered":"\n<p>Eine der wichtigsten Aktivit\u00e4ten im Rahmen des Apollo 2020-Projekts &#8222;Erhaltung von <em>Parnassius apollo<\/em> in Polen, Tschechien und \u00d6sterreich&#8220; ist die Schaffung von Lebensr\u00e4umen f\u00fcr Schmetterlinge und das Angebot von Bildungsaktivit\u00e4ten. Daraus entstand die Idee, G\u00e4rten f\u00fcr Apollo einzurichten. Diese G\u00e4rten sind besondere Orte, an denen wir nektarreiche Blumen f\u00fcr Schmetterlinge und Wirtspflanzen f\u00fcr Apollo-Raupen pflanzen.  <\/p>\n\n<figure class=\"wp-block-image size-full\"><img data-recalc-dims=\"1\" loading=\"lazy\" decoding=\"async\" width=\"512\" height=\"287\" src=\"https:\/\/i0.wp.com\/parnassius-apollo.life\/wp-content\/uploads\/2024\/10\/unnamed-10.jpg?resize=512%2C287&#038;ssl=1\" alt=\"\" class=\"wp-image-7975\"\/><\/figure>\n\n<p>Jeder Garten wird unter direkter Beteiligung der Gastgeber vor Ort und unter Anleitung unserer Experten angelegt. Bevor wir mit der Bepflanzung beginnen, organisieren wir p\u00e4dagogische Vortr\u00e4ge und Workshops f\u00fcr Erwachsene und Kinder. Einige G\u00e4rten, vor allem kleinere, konzentrieren sich mehr auf die Bildung. In Schulg\u00e4rten wird zum Beispiel gezeigt, wie eine ver\u00e4nderte Gartenbewirtschaftung Best\u00e4uber anziehen kann. Diese kleinen Fl\u00e4chen schaffen auch Bedingungen, die das Wachstum von <em>Parnassius apollo-Populationen<\/em> beg\u00fcnstigen, da sich die in der N\u00e4he wieder angesiedelten Individuen in diesen G\u00e4rten ausbreiten.    <\/p>\n\n<p>In der Zwischenzeit sind einige gr\u00f6\u00dfere G\u00e4rten f\u00fcr Apollo als Lebensr\u00e4ume konzipiert, in denen zuk\u00fcnftige Wiederansiedlungen von Schmetterlingen geplant sind. Alle diese G\u00e4rten befinden sich im Aktionsgebiet des Projekts, das als Land des Apollo bekannt ist. Diese Region wird dank der Bem\u00fchungen des Projekts nicht nur f\u00fcr ihre nat\u00fcrliche Verbindung zu dieser Art, sondern auch f\u00fcr ihre kulturelle Bedeutung bekannt.  <\/p>\n\n<p>In diesem Jahr haben wir vier neue G\u00e4rten f\u00fcr Apollo angelegt und einen aus dem Jahr 2023 wieder besucht. Unsere Gartensaison begann im April mit einem Besuch des Komplexes der Kunstgewerbeschule in Jelenia G\u00f3ra. Trotz der sp\u00e4ten Aussaat im Juni waren wir erfreut, dass die Pflanzen gekeimt und sich ausgebreitet hatten. Gemeinsam mit den Sch\u00fclern haben wir weitere Samen ges\u00e4t und ein Schild mit Informationen \u00fcber den Garten und das Projekt aufgestellt. Wir hoffen, dass die Wiese weiter w\u00e4chst und zu einer Nahrungsquelle f\u00fcr viele Best\u00e4uber wird.    <\/p>\n\n<figure class=\"wp-block-image size-full\"><img data-recalc-dims=\"1\" loading=\"lazy\" decoding=\"async\" width=\"512\" height=\"384\" src=\"https:\/\/i0.wp.com\/parnassius-apollo.life\/wp-content\/uploads\/2024\/10\/unnamed-4.jpg?resize=512%2C384&#038;ssl=1\" alt=\"\" class=\"wp-image-7979\"\/><\/figure>\n\n<p>Im Mai haben wir zwei G\u00e4rten f\u00fcr Apollo in der N\u00e4he des \u00d6kozentrums in Uniemy\u015bl angelegt. Auf dem Campingplatz Tatra Glamp in Okrzeszyn haben wir \u00fcber den Apollo-Schmetterling und seinen Lebensraum gesprochen und unsere Citizen-Science-Kampagne &#8222;Wo ist der Gro\u00dfe Wei\u00dfe Schmetterling?&#8220; vorgestellt. Mit der Hilfe von Campingg\u00e4sten und Anwohnern haben wir den Boden vorbereitet, <em>Sedum<\/em> gepflanzt und Samen von Wiesenpflanzen ausges\u00e4t. Wir freuen uns darauf, die Zusammenarbeit mit ihnen fortzusetzen, um die Naturerziehung in der Gegend zu erweitern.   <\/p>\n\n<p>Sp\u00e4ter im Mai nahmen wir am allj\u00e4hrlichen Tag der offenen T\u00fcr der Oberlausitzer H\u00e4user teil, wo wir einen Markt f\u00fcr lokales Kunsthandwerk und Produkte organisierten. Zusammen mit den Besuchern pflanzten wir einen weiteren Garten f\u00fcr Apollo auf einem kleinen Markt in der N\u00e4he des \u00f6rtlichen Gasthauses. <\/p>\n\n<figure class=\"wp-block-image size-full\"><img data-recalc-dims=\"1\" loading=\"lazy\" decoding=\"async\" width=\"384\" height=\"512\" src=\"https:\/\/i0.wp.com\/parnassius-apollo.life\/wp-content\/uploads\/2024\/10\/unnamed.jpg?resize=384%2C512&#038;ssl=1\" alt=\"\" class=\"wp-image-7983\"\/><\/figure>\n\n<p>Zwischen diesen Aktivit\u00e4ten haben wir auch die Grundschule Nr. 1 in Kamienna G\u00f3ra besucht. Die Sch\u00fcler dort halfen uns, ein <em>Sedum-<\/em> &#8222;Karussell&#8220; anzulegen, das den Rasen der Schule nach und nach in eine bl\u00fchende Wiese verwandeln soll. Die Arbeit mit diesen energiegeladenen Kindern hat Spa\u00df gemacht und war sehr produktiv!  <\/p>\n\n<p>Unsere gr\u00f6\u00dfte Herausforderung war der Garten f\u00fcr Apollo im Parada Drei-Kulturen-Haus in Niedamir\u00f3w. Die wundersch\u00f6ne Umgebung und die hilfsbereite Atmosph\u00e4re des Ortes machten es zu einer fantastischen Veranstaltung. Gemeinsam mit dem Team des Nationalparks Riesengebirge veranstalteten wir ein familienfreundliches Festival mit Vortr\u00e4gen, Workshops und nat\u00fcrlich Gartenarbeit. Wir haben 10 Hektar mit schmetterlingsfreundlichen Pflanzen bepflanzt und werden im Herbst einen Lebensraum aus Kalkstein und mehr <em>Sedum<\/em> anlegen. Wir werden uns immer an diesen Tag und die inspirierenden Gespr\u00e4che mit den Teilnehmern erinnern. Wir hoffen, dass der Apollo-Schmetterling im n\u00e4chsten Jahr Niedamir\u00f3w besuchen und den Garten genauso genie\u00dfen wird wie wir!     <\/p>\n\n<p>Wir sind bereits dabei, Ideen f\u00fcr die G\u00e4rten f\u00fcr Apollo im n\u00e4chsten Jahr zu sammeln. Wenn Sie aktiv sind oder in den Westsudeten leben und mit uns einen Garten anlegen m\u00f6chten, w\u00fcrden wir uns freuen, von Ihnen zu h\u00f6ren! <\/p>\n","protected":false},"excerpt":{"rendered":"<p>Eine der wichtigsten Aktivit\u00e4ten im Rahmen des Apollo 2020-Projekts &#8222;Erhaltung von Parnassius apollo in Polen, Tschechien und \u00d6sterreich&#8220; ist die<\/p>\n","protected":false},"author":33,"featured_media":7993,"comment_status":"open","ping_status":"open","sticky":false,"template":"","format":"standard","meta":{"colormag_page_container_layout":"default_layout","colormag_page_sidebar_layout":"default_layout","ghostkit_customizer_options":"","ghostkit_custom_css":"","ghostkit_custom_js_head":"","ghostkit_custom_js_foot":"","ghostkit_typography":"","jetpack_post_was_ever_published":false,"_jetpack_newsletter_access":"","_jetpack_dont_email_post_to_subs":false,"_jetpack_newsletter_tier_id":0,"_jetpack_memberships_contains_paywalled_content":false,"_jetpack_memberships_contains_paid_content":false,"footnotes":"","jetpack_publicize_message":"","jetpack_publicize_feature_enabled":true,"jetpack_social_post_already_shared":true,"jetpack_social_options":{"image_generator_settings":{"template":"highway","default_image_id":0,"font":"","enabled":false},"version":2},"_wpas_customize_per_network":false},"categories":[255,251],"tags":[287,272,269],"class_list":["post-8550","post","type-post","status-publish","format-standard","has-post-thumbnail","hentry","category-followapollo-de","category-schmetterlinge-fur-anfanger","tag-bildung","tag-followapollo-de","tag-parnassius-apollo-de"],"yoast_head":"<!-- This site is optimized with the Yoast SEO Premium plugin v27.4 (Yoast SEO v27.4) - https:\/\/yoast.com\/product\/yoast-seo-premium-wordpress\/ -->\n<title>G\u00e4rten f\u00fcr Apollo: Etwas f\u00fcr Schmetterlinge, Raupen und Menschen - Parnassius apollo project LIFE Apollo2020<\/title>\n<meta name=\"description\" content=\"Entdecken Sie, wie G\u00e4rten f\u00fcr Apollo durch gemeinschaftliche Bem\u00fchungen und Bildungsaktivit\u00e4ten lebenswichtige Lebensr\u00e4ume f\u00fcr den bedrohten Apollo-Schmetterling schaffen. Erfahren Sie, wie diese G\u00e4rten den Schmetterlingsschutz unterst\u00fctzen und zu naturfreundlichen Praktiken in Polen, Tschechien und \u00d6sterreich inspirieren.\" \/>\n<meta name=\"robots\" content=\"index, follow, max-snippet:-1, max-image-preview:large, max-video-preview:-1\" \/>\n<link rel=\"canonical\" href=\"https:\/\/parnassius-apollo.life\/de\/gaerten-fuer-apollo-etwas-fuer-schmetterlinge-raupen-und-menschen\" \/>\n<meta property=\"og:locale\" content=\"de_DE\" \/>\n<meta property=\"og:type\" content=\"article\" \/>\n<meta property=\"og:title\" content=\"G\u00e4rten f\u00fcr Apollo: Etwas f\u00fcr Schmetterlinge, Raupen und Menschen\" \/>\n<meta property=\"og:description\" content=\"Entdecken Sie, wie G\u00e4rten f\u00fcr Apollo durch gemeinschaftliche Bem\u00fchungen und Bildungsaktivit\u00e4ten lebenswichtige Lebensr\u00e4ume f\u00fcr den bedrohten Apollo-Schmetterling schaffen. Erfahren Sie, wie diese G\u00e4rten den Schmetterlingsschutz unterst\u00fctzen und zu naturfreundlichen Praktiken in Polen, Tschechien und \u00d6sterreich inspirieren.\" \/>\n<meta property=\"og:url\" content=\"https:\/\/parnassius-apollo.life\/de\/gaerten-fuer-apollo-etwas-fuer-schmetterlinge-raupen-und-menschen\" \/>\n<meta property=\"og:site_name\" content=\"Parnassius apollo project LIFE Apollo2020\" \/>\n<meta property=\"article:published_time\" content=\"2024-11-30T18:08:18+00:00\" \/>\n<meta property=\"article:modified_time\" content=\"2025-07-10T15:25:23+00:00\" \/>\n<meta property=\"og:image\" content=\"https:\/\/parnassius-apollo.life\/wp-content\/uploads\/2024\/10\/unnamed-3.jpg\" \/>\n\t<meta property=\"og:image:width\" content=\"512\" \/>\n\t<meta property=\"og:image:height\" content=\"295\" \/>\n\t<meta property=\"og:image:type\" content=\"image\/jpeg\" \/>\n<meta name=\"author\" content=\"Laura Rossberg\" \/>\n<meta name=\"twitter:card\" content=\"summary_large_image\" \/>\n<meta name=\"twitter:label1\" content=\"Verfasst von\" \/>\n\t<meta name=\"twitter:data1\" content=\"Laura Rossberg\" \/>\n\t<meta name=\"twitter:label2\" content=\"Gesch\u00e4tzte Lesezeit\" \/>\n\t<meta name=\"twitter:data2\" content=\"3\u00a0Minuten\" \/>\n<script type=\"application\/ld+json\" class=\"yoast-schema-graph\">{\"@context\":\"https:\\\/\\\/schema.org\",\"@graph\":[{\"@type\":\"Article\",\"@id\":\"https:\\\/\\\/parnassius-apollo.life\\\/de\\\/gaerten-fuer-apollo-etwas-fuer-schmetterlinge-raupen-und-menschen#article\",\"isPartOf\":{\"@id\":\"https:\\\/\\\/parnassius-apollo.life\\\/de\\\/gaerten-fuer-apollo-etwas-fuer-schmetterlinge-raupen-und-menschen\"},\"author\":{\"name\":\"Laura Rossberg\",\"@id\":\"https:\\\/\\\/parnassius-apollo.life\\\/de#\\\/schema\\\/person\\\/d2f73fe23bd92f4b07851cd37077efa1\"},\"headline\":\"G\u00e4rten f\u00fcr Apollo: Etwas f\u00fcr Schmetterlinge, Raupen und Menschen\",\"datePublished\":\"2024-11-30T18:08:18+00:00\",\"dateModified\":\"2025-07-10T15:25:23+00:00\",\"mainEntityOfPage\":{\"@id\":\"https:\\\/\\\/parnassius-apollo.life\\\/de\\\/gaerten-fuer-apollo-etwas-fuer-schmetterlinge-raupen-und-menschen\"},\"wordCount\":681,\"commentCount\":0,\"publisher\":{\"@id\":\"https:\\\/\\\/parnassius-apollo.life\\\/de#organization\"},\"image\":{\"@id\":\"https:\\\/\\\/parnassius-apollo.life\\\/de\\\/gaerten-fuer-apollo-etwas-fuer-schmetterlinge-raupen-und-menschen#primaryimage\"},\"thumbnailUrl\":\"https:\\\/\\\/i0.wp.com\\\/parnassius-apollo.life\\\/wp-content\\\/uploads\\\/2024\\\/10\\\/unnamed-3.jpg?fit=512%2C295&ssl=1\",\"keywords\":[\"Bildung\",\"followapollo\",\"Parnassius Apollo\"],\"articleSection\":[\"#followapollo\",\"Schmetterlinge f\u00fcr Anf\u00e4nger\"],\"inLanguage\":\"de\",\"potentialAction\":[{\"@type\":\"CommentAction\",\"name\":\"Comment\",\"target\":[\"https:\\\/\\\/parnassius-apollo.life\\\/de\\\/gaerten-fuer-apollo-etwas-fuer-schmetterlinge-raupen-und-menschen#respond\"]}]},{\"@type\":\"WebPage\",\"@id\":\"https:\\\/\\\/parnassius-apollo.life\\\/de\\\/gaerten-fuer-apollo-etwas-fuer-schmetterlinge-raupen-und-menschen\",\"url\":\"https:\\\/\\\/parnassius-apollo.life\\\/de\\\/gaerten-fuer-apollo-etwas-fuer-schmetterlinge-raupen-und-menschen\",\"name\":\"G\u00e4rten f\u00fcr Apollo: Etwas f\u00fcr Schmetterlinge, Raupen und Menschen - Parnassius apollo project LIFE Apollo2020\",\"isPartOf\":{\"@id\":\"https:\\\/\\\/parnassius-apollo.life\\\/de#website\"},\"primaryImageOfPage\":{\"@id\":\"https:\\\/\\\/parnassius-apollo.life\\\/de\\\/gaerten-fuer-apollo-etwas-fuer-schmetterlinge-raupen-und-menschen#primaryimage\"},\"image\":{\"@id\":\"https:\\\/\\\/parnassius-apollo.life\\\/de\\\/gaerten-fuer-apollo-etwas-fuer-schmetterlinge-raupen-und-menschen#primaryimage\"},\"thumbnailUrl\":\"https:\\\/\\\/i0.wp.com\\\/parnassius-apollo.life\\\/wp-content\\\/uploads\\\/2024\\\/10\\\/unnamed-3.jpg?fit=512%2C295&ssl=1\",\"datePublished\":\"2024-11-30T18:08:18+00:00\",\"dateModified\":\"2025-07-10T15:25:23+00:00\",\"description\":\"Entdecken Sie, wie G\u00e4rten f\u00fcr Apollo durch gemeinschaftliche Bem\u00fchungen und Bildungsaktivit\u00e4ten lebenswichtige Lebensr\u00e4ume f\u00fcr den bedrohten Apollo-Schmetterling schaffen. Erfahren Sie, wie diese G\u00e4rten den Schmetterlingsschutz unterst\u00fctzen und zu naturfreundlichen Praktiken in Polen, Tschechien und \u00d6sterreich inspirieren.\",\"breadcrumb\":{\"@id\":\"https:\\\/\\\/parnassius-apollo.life\\\/de\\\/gaerten-fuer-apollo-etwas-fuer-schmetterlinge-raupen-und-menschen#breadcrumb\"},\"inLanguage\":\"de\",\"potentialAction\":[{\"@type\":\"ReadAction\",\"target\":[\"https:\\\/\\\/parnassius-apollo.life\\\/de\\\/gaerten-fuer-apollo-etwas-fuer-schmetterlinge-raupen-und-menschen\"]}]},{\"@type\":\"ImageObject\",\"inLanguage\":\"de\",\"@id\":\"https:\\\/\\\/parnassius-apollo.life\\\/de\\\/gaerten-fuer-apollo-etwas-fuer-schmetterlinge-raupen-und-menschen#primaryimage\",\"url\":\"https:\\\/\\\/i0.wp.com\\\/parnassius-apollo.life\\\/wp-content\\\/uploads\\\/2024\\\/10\\\/unnamed-3.jpg?fit=512%2C295&ssl=1\",\"contentUrl\":\"https:\\\/\\\/i0.wp.com\\\/parnassius-apollo.life\\\/wp-content\\\/uploads\\\/2024\\\/10\\\/unnamed-3.jpg?fit=512%2C295&ssl=1\",\"width\":512,\"height\":295},{\"@type\":\"BreadcrumbList\",\"@id\":\"https:\\\/\\\/parnassius-apollo.life\\\/de\\\/gaerten-fuer-apollo-etwas-fuer-schmetterlinge-raupen-und-menschen#breadcrumb\",\"itemListElement\":[{\"@type\":\"ListItem\",\"position\":1,\"name\":\"Home\",\"item\":\"https:\\\/\\\/parnassius-apollo.life\\\/de\"},{\"@type\":\"ListItem\",\"position\":2,\"name\":\"G\u00e4rten f\u00fcr Apollo: Etwas f\u00fcr Schmetterlinge, Raupen und Menschen\"}]},{\"@type\":\"WebSite\",\"@id\":\"https:\\\/\\\/parnassius-apollo.life\\\/de#website\",\"url\":\"https:\\\/\\\/parnassius-apollo.life\\\/de\",\"name\":\"Parnassius apollo project LIFE Apollo2020\",\"description\":\"Conservation of Parnassius apollo in Czechia, Poland and Austria\",\"publisher\":{\"@id\":\"https:\\\/\\\/parnassius-apollo.life\\\/de#organization\"},\"potentialAction\":[{\"@type\":\"SearchAction\",\"target\":{\"@type\":\"EntryPoint\",\"urlTemplate\":\"https:\\\/\\\/parnassius-apollo.life\\\/de?s={search_term_string}\"},\"query-input\":{\"@type\":\"PropertyValueSpecification\",\"valueRequired\":true,\"valueName\":\"search_term_string\"}}],\"inLanguage\":\"de\"},{\"@type\":\"Organization\",\"@id\":\"https:\\\/\\\/parnassius-apollo.life\\\/de#organization\",\"name\":\"LIFE Apollo 2020\",\"alternateName\":\"Parnassius Apollo LIFE Project\",\"url\":\"https:\\\/\\\/parnassius-apollo.life\\\/de\",\"logo\":{\"@type\":\"ImageObject\",\"inLanguage\":\"de\",\"@id\":\"https:\\\/\\\/parnassius-apollo.life\\\/de#\\\/schema\\\/logo\\\/image\\\/\",\"url\":\"https:\\\/\\\/i0.wp.com\\\/parnassius-apollo.life\\\/wp-content\\\/uploads\\\/2022\\\/05\\\/LIFE_Apollo_Final-e1651506328254.png?fit=127%2C150&ssl=1\",\"contentUrl\":\"https:\\\/\\\/i0.wp.com\\\/parnassius-apollo.life\\\/wp-content\\\/uploads\\\/2022\\\/05\\\/LIFE_Apollo_Final-e1651506328254.png?fit=127%2C150&ssl=1\",\"width\":127,\"height\":150,\"caption\":\"LIFE Apollo 2020\"},\"image\":{\"@id\":\"https:\\\/\\\/parnassius-apollo.life\\\/de#\\\/schema\\\/logo\\\/image\\\/\"},\"email\":\"info@apollo-2020.life\",\"legalName\":\"Karkonoski Park Narodowy\",\"numberOfEmployees\":{\"@type\":\"QuantitativeValue\",\"minValue\":\"51\",\"maxValue\":\"200\"}},{\"@type\":\"Person\",\"@id\":\"https:\\\/\\\/parnassius-apollo.life\\\/de#\\\/schema\\\/person\\\/d2f73fe23bd92f4b07851cd37077efa1\",\"name\":\"Laura Rossberg\",\"image\":{\"@type\":\"ImageObject\",\"inLanguage\":\"de\",\"@id\":\"https:\\\/\\\/secure.gravatar.com\\\/avatar\\\/bd7a654df2848050c46a6939ad761f51c6fdf63026ebade03e5fb26569e330af?s=96&d=mm&r=g\",\"url\":\"https:\\\/\\\/secure.gravatar.com\\\/avatar\\\/bd7a654df2848050c46a6939ad761f51c6fdf63026ebade03e5fb26569e330af?s=96&d=mm&r=g\",\"contentUrl\":\"https:\\\/\\\/secure.gravatar.com\\\/avatar\\\/bd7a654df2848050c46a6939ad761f51c6fdf63026ebade03e5fb26569e330af?s=96&d=mm&r=g\",\"caption\":\"Laura Rossberg\"},\"url\":\"https:\\\/\\\/parnassius-apollo.life\\\/de\\\/author\\\/laura-rossberg\"}]}<\/script>\n<!-- \/ Yoast SEO Premium plugin. -->","yoast_head_json":{"title":"G\u00e4rten f\u00fcr Apollo: Etwas f\u00fcr Schmetterlinge, Raupen und Menschen - Parnassius apollo project LIFE Apollo2020","description":"Entdecken Sie, wie G\u00e4rten f\u00fcr Apollo durch gemeinschaftliche Bem\u00fchungen und Bildungsaktivit\u00e4ten lebenswichtige Lebensr\u00e4ume f\u00fcr den bedrohten Apollo-Schmetterling schaffen. Erfahren Sie, wie diese G\u00e4rten den Schmetterlingsschutz unterst\u00fctzen und zu naturfreundlichen Praktiken in Polen, Tschechien und \u00d6sterreich inspirieren.","robots":{"index":"index","follow":"follow","max-snippet":"max-snippet:-1","max-image-preview":"max-image-preview:large","max-video-preview":"max-video-preview:-1"},"canonical":"https:\/\/parnassius-apollo.life\/de\/gaerten-fuer-apollo-etwas-fuer-schmetterlinge-raupen-und-menschen","og_locale":"de_DE","og_type":"article","og_title":"G\u00e4rten f\u00fcr Apollo: Etwas f\u00fcr Schmetterlinge, Raupen und Menschen","og_description":"Entdecken Sie, wie G\u00e4rten f\u00fcr Apollo durch gemeinschaftliche Bem\u00fchungen und Bildungsaktivit\u00e4ten lebenswichtige Lebensr\u00e4ume f\u00fcr den bedrohten Apollo-Schmetterling schaffen. Erfahren Sie, wie diese G\u00e4rten den Schmetterlingsschutz unterst\u00fctzen und zu naturfreundlichen Praktiken in Polen, Tschechien und \u00d6sterreich inspirieren.","og_url":"https:\/\/parnassius-apollo.life\/de\/gaerten-fuer-apollo-etwas-fuer-schmetterlinge-raupen-und-menschen","og_site_name":"Parnassius apollo project LIFE Apollo2020","article_published_time":"2024-11-30T18:08:18+00:00","article_modified_time":"2025-07-10T15:25:23+00:00","og_image":[{"width":512,"height":295,"url":"https:\/\/parnassius-apollo.life\/wp-content\/uploads\/2024\/10\/unnamed-3.jpg","type":"image\/jpeg"}],"author":"Laura Rossberg","twitter_card":"summary_large_image","twitter_misc":{"Verfasst von":"Laura Rossberg","Gesch\u00e4tzte Lesezeit":"3\u00a0Minuten"},"schema":{"@context":"https:\/\/schema.org","@graph":[{"@type":"Article","@id":"https:\/\/parnassius-apollo.life\/de\/gaerten-fuer-apollo-etwas-fuer-schmetterlinge-raupen-und-menschen#article","isPartOf":{"@id":"https:\/\/parnassius-apollo.life\/de\/gaerten-fuer-apollo-etwas-fuer-schmetterlinge-raupen-und-menschen"},"author":{"name":"Laura Rossberg","@id":"https:\/\/parnassius-apollo.life\/de#\/schema\/person\/d2f73fe23bd92f4b07851cd37077efa1"},"headline":"G\u00e4rten f\u00fcr Apollo: Etwas f\u00fcr Schmetterlinge, Raupen und Menschen","datePublished":"2024-11-30T18:08:18+00:00","dateModified":"2025-07-10T15:25:23+00:00","mainEntityOfPage":{"@id":"https:\/\/parnassius-apollo.life\/de\/gaerten-fuer-apollo-etwas-fuer-schmetterlinge-raupen-und-menschen"},"wordCount":681,"commentCount":0,"publisher":{"@id":"https:\/\/parnassius-apollo.life\/de#organization"},"image":{"@id":"https:\/\/parnassius-apollo.life\/de\/gaerten-fuer-apollo-etwas-fuer-schmetterlinge-raupen-und-menschen#primaryimage"},"thumbnailUrl":"https:\/\/i0.wp.com\/parnassius-apollo.life\/wp-content\/uploads\/2024\/10\/unnamed-3.jpg?fit=512%2C295&ssl=1","keywords":["Bildung","followapollo","Parnassius Apollo"],"articleSection":["#followapollo","Schmetterlinge f\u00fcr Anf\u00e4nger"],"inLanguage":"de","potentialAction":[{"@type":"CommentAction","name":"Comment","target":["https:\/\/parnassius-apollo.life\/de\/gaerten-fuer-apollo-etwas-fuer-schmetterlinge-raupen-und-menschen#respond"]}]},{"@type":"WebPage","@id":"https:\/\/parnassius-apollo.life\/de\/gaerten-fuer-apollo-etwas-fuer-schmetterlinge-raupen-und-menschen","url":"https:\/\/parnassius-apollo.life\/de\/gaerten-fuer-apollo-etwas-fuer-schmetterlinge-raupen-und-menschen","name":"G\u00e4rten f\u00fcr Apollo: Etwas f\u00fcr Schmetterlinge, Raupen und Menschen - Parnassius apollo project LIFE Apollo2020","isPartOf":{"@id":"https:\/\/parnassius-apollo.life\/de#website"},"primaryImageOfPage":{"@id":"https:\/\/parnassius-apollo.life\/de\/gaerten-fuer-apollo-etwas-fuer-schmetterlinge-raupen-und-menschen#primaryimage"},"image":{"@id":"https:\/\/parnassius-apollo.life\/de\/gaerten-fuer-apollo-etwas-fuer-schmetterlinge-raupen-und-menschen#primaryimage"},"thumbnailUrl":"https:\/\/i0.wp.com\/parnassius-apollo.life\/wp-content\/uploads\/2024\/10\/unnamed-3.jpg?fit=512%2C295&ssl=1","datePublished":"2024-11-30T18:08:18+00:00","dateModified":"2025-07-10T15:25:23+00:00","description":"Entdecken Sie, wie G\u00e4rten f\u00fcr Apollo durch gemeinschaftliche Bem\u00fchungen und Bildungsaktivit\u00e4ten lebenswichtige Lebensr\u00e4ume f\u00fcr den bedrohten Apollo-Schmetterling schaffen. Erfahren Sie, wie diese G\u00e4rten den Schmetterlingsschutz unterst\u00fctzen und zu naturfreundlichen Praktiken in Polen, Tschechien und \u00d6sterreich inspirieren.","breadcrumb":{"@id":"https:\/\/parnassius-apollo.life\/de\/gaerten-fuer-apollo-etwas-fuer-schmetterlinge-raupen-und-menschen#breadcrumb"},"inLanguage":"de","potentialAction":[{"@type":"ReadAction","target":["https:\/\/parnassius-apollo.life\/de\/gaerten-fuer-apollo-etwas-fuer-schmetterlinge-raupen-und-menschen"]}]},{"@type":"ImageObject","inLanguage":"de","@id":"https:\/\/parnassius-apollo.life\/de\/gaerten-fuer-apollo-etwas-fuer-schmetterlinge-raupen-und-menschen#primaryimage","url":"https:\/\/i0.wp.com\/parnassius-apollo.life\/wp-content\/uploads\/2024\/10\/unnamed-3.jpg?fit=512%2C295&ssl=1","contentUrl":"https:\/\/i0.wp.com\/parnassius-apollo.life\/wp-content\/uploads\/2024\/10\/unnamed-3.jpg?fit=512%2C295&ssl=1","width":512,"height":295},{"@type":"BreadcrumbList","@id":"https:\/\/parnassius-apollo.life\/de\/gaerten-fuer-apollo-etwas-fuer-schmetterlinge-raupen-und-menschen#breadcrumb","itemListElement":[{"@type":"ListItem","position":1,"name":"Home","item":"https:\/\/parnassius-apollo.life\/de"},{"@type":"ListItem","position":2,"name":"G\u00e4rten f\u00fcr Apollo: Etwas f\u00fcr Schmetterlinge, Raupen und Menschen"}]},{"@type":"WebSite","@id":"https:\/\/parnassius-apollo.life\/de#website","url":"https:\/\/parnassius-apollo.life\/de","name":"Parnassius apollo project LIFE Apollo2020","description":"Conservation of Parnassius apollo in Czechia, Poland and Austria","publisher":{"@id":"https:\/\/parnassius-apollo.life\/de#organization"},"potentialAction":[{"@type":"SearchAction","target":{"@type":"EntryPoint","urlTemplate":"https:\/\/parnassius-apollo.life\/de?s={search_term_string}"},"query-input":{"@type":"PropertyValueSpecification","valueRequired":true,"valueName":"search_term_string"}}],"inLanguage":"de"},{"@type":"Organization","@id":"https:\/\/parnassius-apollo.life\/de#organization","name":"LIFE Apollo 2020","alternateName":"Parnassius Apollo LIFE Project","url":"https:\/\/parnassius-apollo.life\/de","logo":{"@type":"ImageObject","inLanguage":"de","@id":"https:\/\/parnassius-apollo.life\/de#\/schema\/logo\/image\/","url":"https:\/\/i0.wp.com\/parnassius-apollo.life\/wp-content\/uploads\/2022\/05\/LIFE_Apollo_Final-e1651506328254.png?fit=127%2C150&ssl=1","contentUrl":"https:\/\/i0.wp.com\/parnassius-apollo.life\/wp-content\/uploads\/2022\/05\/LIFE_Apollo_Final-e1651506328254.png?fit=127%2C150&ssl=1","width":127,"height":150,"caption":"LIFE Apollo 2020"},"image":{"@id":"https:\/\/parnassius-apollo.life\/de#\/schema\/logo\/image\/"},"email":"info@apollo-2020.life","legalName":"Karkonoski Park Narodowy","numberOfEmployees":{"@type":"QuantitativeValue","minValue":"51","maxValue":"200"}},{"@type":"Person","@id":"https:\/\/parnassius-apollo.life\/de#\/schema\/person\/d2f73fe23bd92f4b07851cd37077efa1","name":"Laura Rossberg","image":{"@type":"ImageObject","inLanguage":"de","@id":"https:\/\/secure.gravatar.com\/avatar\/bd7a654df2848050c46a6939ad761f51c6fdf63026ebade03e5fb26569e330af?s=96&d=mm&r=g","url":"https:\/\/secure.gravatar.com\/avatar\/bd7a654df2848050c46a6939ad761f51c6fdf63026ebade03e5fb26569e330af?s=96&d=mm&r=g","contentUrl":"https:\/\/secure.gravatar.com\/avatar\/bd7a654df2848050c46a6939ad761f51c6fdf63026ebade03e5fb26569e330af?s=96&d=mm&r=g","caption":"Laura Rossberg"},"url":"https:\/\/parnassius-apollo.life\/de\/author\/laura-rossberg"}]}},"jetpack_publicize_connections":[],"jetpack_featured_media_url":"https:\/\/i0.wp.com\/parnassius-apollo.life\/wp-content\/uploads\/2024\/10\/unnamed-3.jpg?fit=512%2C295&ssl=1","jetpack_likes_enabled":true,"jetpack_sharing_enabled":true,"_links":{"self":[{"href":"https:\/\/parnassius-apollo.life\/de\/wp-json\/wp\/v2\/posts\/8550","targetHints":{"allow":["GET"]}}],"collection":[{"href":"https:\/\/parnassius-apollo.life\/de\/wp-json\/wp\/v2\/posts"}],"about":[{"href":"https:\/\/parnassius-apollo.life\/de\/wp-json\/wp\/v2\/types\/post"}],"author":[{"embeddable":true,"href":"https:\/\/parnassius-apollo.life\/de\/wp-json\/wp\/v2\/users\/33"}],"replies":[{"embeddable":true,"href":"https:\/\/parnassius-apollo.life\/de\/wp-json\/wp\/v2\/comments?post=8550"}],"version-history":[{"count":0,"href":"https:\/\/parnassius-apollo.life\/de\/wp-json\/wp\/v2\/posts\/8550\/revisions"}],"wp:featuredmedia":[{"embeddable":true,"href":"https:\/\/parnassius-apollo.life\/de\/wp-json\/wp\/v2\/media\/7993"}],"wp:attachment":[{"href":"https:\/\/parnassius-apollo.life\/de\/wp-json\/wp\/v2\/media?parent=8550"}],"wp:term":[{"taxonomy":"category","embeddable":true,"href":"https:\/\/parnassius-apollo.life\/de\/wp-json\/wp\/v2\/categories?post=8550"},{"taxonomy":"post_tag","embeddable":true,"href":"https:\/\/parnassius-apollo.life\/de\/wp-json\/wp\/v2\/tags?post=8550"}],"curies":[{"name":"wp","href":"https:\/\/api.w.org\/{rel}","templated":true}]}}